{"id":106658,"date":"2024-07-05T01:42:55","date_gmt":"2024-07-05T04:42:55","guid":{"rendered":"https:\/\/laurbedigital.com.ar\/noticias\/?p=106658"},"modified":"2024-07-05T01:42:55","modified_gmt":"2024-07-05T04:42:55","slug":"los-sena-y-acuna-a-juicio-por-el-femicidio-de-cecilia-strzyzowski","status":"publish","type":"post","link":"https:\/\/laurbedigital.com.ar\/noticias\/2024\/07\/05\/los-sena-y-acuna-a-juicio-por-el-femicidio-de-cecilia-strzyzowski\/","title":{"rendered":"Los Sena y Acu\u00f1a a juicio por el femicidio de Cecilia Strzyzowski"},"content":{"rendered":"<p>En un giro crucial en la investigaci\u00f3n del femicidio de Cecilia Strzyzowski, el juez de Garant\u00edas N\u00ba2 de Resistencia, H\u00e9ctor Horacio Sandoval, ha decidido que Emerenciano Sena y Marcela Acu\u00f1a ser\u00e1n juzgados como coautores del asesinato de la joven de 28 a\u00f1os. Esta decisi\u00f3n los coloca en la misma categor\u00eda de responsabilidad que su hijo, C\u00e9sar Sena, se\u00f1alado como el autor material del crimen. El juicio podr\u00eda iniciar entre septiembre y octubre de este a\u00f1o.<\/p>\n<p>La Fiscal\u00eda, compuesta por los fiscales Juan Mart\u00edn Bogado, Jorge C\u00e1ceres Olivera y Nelia Vel\u00e1zquez, hab\u00eda inicialmente identificado a Sena y Acu\u00f1a como \u00abpart\u00edcipes necesarios\u00bb del crimen. Sin embargo, tras las audiencias de oposici\u00f3n, el juez Sandoval determin\u00f3 que el matrimonio es igualmente responsable que su hijo. La pena en expectativa para los tres acusados es de prisi\u00f3n perpetua.<\/p>\n<p>Cecilia Strzyzowski fue vista por \u00faltima vez el 2 de junio de 2023 en la casa de su familia pol\u00edtica, en las afueras de Resistencia, Chaco. Seg\u00fan la investigaci\u00f3n, fue asesinada en esa misma residencia y posteriormente incinerada. Aunque se hallaron algunos restos \u00f3seos, no fue posible confirmar si pertenec\u00edan a la joven, complicando a\u00fan m\u00e1s el caso.<\/p>\n<p>Desde la c\u00e1rcel, C\u00e9sar Sena, principal acusado, emiti\u00f3 una carta dirigida al diario Clar\u00edn, en la que critic\u00f3 el proceso judicial y defendi\u00f3 su inocencia. \u00abSi queremos una justicia real, debe respetarse la ley, y otra vez la ley determina y expone sus negligencias, errores, faltas y el obvio hecho de que tienen detenidos a siete ciudadanos sin raz\u00f3n\u00bb, escribi\u00f3 Sena.<\/p>\n<p>En su carta, Sena argument\u00f3 que las pruebas presentadas por la fiscal\u00eda no son concluyentes. \u00abLo que parec\u00eda una aberraci\u00f3n, result\u00f3 ser carne de cerdo, sangre de animales, y lo que pareci\u00f3 ser positivo y una luz de esperanza para la fiscal\u00eda, result\u00f3 ser sangre menstrual y de vieja data\u00bb, sostuvo. Adem\u00e1s, se\u00f1al\u00f3 que los supuestos encubridores nunca mencionaron una muerte, sino simplemente la presencia de \u00abbultos\u00bb cuyo contenido desconoc\u00edan.<\/p>\n<p>La decisi\u00f3n del juez Sandoval ha marcado un punto de inflexi\u00f3n en este caso, que ha captado la atenci\u00f3n nacional por su gravedad y las implicaciones familiares. El juicio ser\u00e1 un proceso determinante para esclarecer los hechos y establecer las responsabilidades de cada uno de los acusados en este tr\u00e1gico crimen.<\/p>\n<p>Mientras se espera la fecha exacta del juicio, la comunidad de Chaco y el pa\u00eds entero est\u00e1n atentos a los desarrollos de este caso, esperando que se haga justicia para Cecilia Strzyzowski y su familia.<\/p>\n","protected":false},"excerpt":{"rendered":"<p>En un giro crucial en la investigaci\u00f3n del femicidio de Cecilia Strzyzowski, el juez de Garant\u00edas N\u00ba2 de Resistencia, H\u00e9ctor<\/p>\n","protected":false},"author":1,"featured_media":106659,"comment_status":"closed","ping_status":"closed","sticky":false,"template":"","format":"standard","meta":{"kia_subtitle":"Emerenciano Sena y Marcela Acu\u00f1a enfrentan el juicio como coautores del crimen de su nuera.","footnotes":"","jetpack_publicize_message":"","jetpack_publicize_feature_enabled":true,"jetpack_social_post_already_shared":true,"jetpack_social_options":{"image_generator_settings":{"template":"highway","default_image_id":0,"font":"","enabled":false},"version":2}},"categories":[8],"tags":[],"class_list":["post-106658","post","type-post","status-publish","format-standard","has-post-thumbnail","hentry","category-policiales"],"jetpack_publicize_connections":[],"jetpack_featured_media_url":"https:\/\/laurbedigital.com.ar\/noticias\/wp-content\/uploads\/2024\/07\/20240705-Sena.jpg","_links":{"self":[{"href":"https:\/\/laurbedigital.com.ar\/noticias\/wp-json\/wp\/v2\/posts\/106658","targetHints":{"allow":["GET"]}}],"collection":[{"href":"https:\/\/laurbedigital.com.ar\/noticias\/wp-json\/wp\/v2\/posts"}],"about":[{"href":"https:\/\/laurbedigital.com.ar\/noticias\/wp-json\/wp\/v2\/types\/post"}],"author":[{"embeddable":true,"href":"https:\/\/laurbedigital.com.ar\/noticias\/wp-json\/wp\/v2\/users\/1"}],"replies":[{"embeddable":true,"href":"https:\/\/laurbedigital.com.ar\/noticias\/wp-json\/wp\/v2\/comments?post=106658"}],"version-history":[{"count":1,"href":"https:\/\/laurbedigital.com.ar\/noticias\/wp-json\/wp\/v2\/posts\/106658\/revisions"}],"predecessor-version":[{"id":106660,"href":"https:\/\/laurbedigital.com.ar\/noticias\/wp-json\/wp\/v2\/posts\/106658\/revisions\/106660"}],"wp:featuredmedia":[{"embeddable":true,"href":"https:\/\/laurbedigital.com.ar\/noticias\/wp-json\/wp\/v2\/media\/106659"}],"wp:attachment":[{"href":"https:\/\/laurbedigital.com.ar\/noticias\/wp-json\/wp\/v2\/media?parent=106658"}],"wp:term":[{"taxonomy":"category","embeddable":true,"href":"https:\/\/laurbedigital.com.ar\/noticias\/wp-json\/wp\/v2\/categories?post=106658"},{"taxonomy":"post_tag","embeddable":true,"href":"https:\/\/laurbedigital.com.ar\/noticias\/wp-json\/wp\/v2\/tags?post=106658"}],"curies":[{"name":"wp","href":"https:\/\/api.w.org\/{rel}","templated":true}]}}