{"id":106639,"date":"2024-07-04T19:59:36","date_gmt":"2024-07-04T22:59:36","guid":{"rendered":"https:\/\/laurbedigital.com.ar\/noticias\/?p=106639"},"modified":"2024-07-04T19:59:36","modified_gmt":"2024-07-04T22:59:36","slug":"industria-automotriz-y-despachos-de-cemento-en-caida-la-economia-argentina-en-recesion","status":"publish","type":"post","link":"https:\/\/laurbedigital.com.ar\/noticias\/2024\/07\/04\/industria-automotriz-y-despachos-de-cemento-en-caida-la-economia-argentina-en-recesion\/","title":{"rendered":"Industria automotriz y despachos de cemento en ca\u00edda: la econom\u00eda Argentina en recesi\u00f3n"},"content":{"rendered":"<p>La econom\u00eda argentina contin\u00faa en una espiral descendente, afectando varios sectores cr\u00edticos. La recesi\u00f3n y la p\u00e9rdida de poder adquisitivo se reflejan en una disminuci\u00f3n significativa del consumo, que cay\u00f3 un 7,7% en mayo, seg\u00fan el indicador de la C\u00e1mara de Comercio y Servicios (CAC). Este declive se traduce en una preocupante p\u00e9rdida de empleo. El Instituto Nacional de Estad\u00edstica y Censos (INDEC) inform\u00f3 que la tasa de desocupaci\u00f3n aument\u00f3 al 7,7% en el primer trimestre de 2024, tras los efectos combinados de la devaluaci\u00f3n, la inflaci\u00f3n y la recesi\u00f3n. Esto representa un incremento de dos puntos en comparaci\u00f3n con fines de 2023, y una reducci\u00f3n de 400 mil trabajadores ocupados en 31 aglomerados urbanos.<\/p>\n<p>El Centro de Econom\u00eda Pol\u00edtica Argentina (CEPA) revel\u00f3 que en junio se observaron ca\u00eddas interanuales en varios sectores, destac\u00e1ndose la producci\u00f3n de autom\u00f3viles y los despachos nacionales de cemento. Los despachos de cemento cayeron un 32,8% en junio comparado con el mismo mes del a\u00f1o anterior, registrando el peor desempe\u00f1o en cinco a\u00f1os, incluso menor que en junio de 2020 durante la pandemia. En comparaci\u00f3n con mayo de este a\u00f1o, la disminuci\u00f3n fue del 7%.<\/p>\n<p>El sector automotriz tambi\u00e9n se vio severamente afectado. El promedio de patentamiento de autos hasta junio de 2024 es considerablemente menor al del a\u00f1o pasado, situ\u00e1ndose en 30.204 unidades, una ca\u00edda del 19,4%. La producci\u00f3n de autos mostr\u00f3 una disminuci\u00f3n del 29% en comparaci\u00f3n con 2023, con un promedio de 36.123 unidades producidas hasta junio de 2024.<\/p>\n<p>El CEPA tambi\u00e9n aclar\u00f3 que la variaci\u00f3n positiva en el Impuesto a cr\u00e9ditos y d\u00e9bitos responde a una modificaci\u00f3n normativa y no a una mejora de la actividad econ\u00f3mica. Este ajuste normativo refleja el intento de compensar la p\u00e9rdida de ingresos fiscales en un contexto de menor actividad econ\u00f3mica.<\/p>\n<p>La situaci\u00f3n econ\u00f3mica de Argentina exige medidas urgentes para revertir la tendencia negativa y reactivar la econom\u00eda. La ca\u00edda en sectores clave como la construcci\u00f3n y la industria automotriz, sumada al aumento del desempleo, indica la necesidad de pol\u00edticas efectivas que estimulen el crecimiento econ\u00f3mico y protejan el empleo.<\/p>\n<p>Con la econom\u00eda en recesi\u00f3n, los desaf\u00edos para el gobierno son enormes. La implementaci\u00f3n de pol\u00edticas fiscales y monetarias adecuadas, junto con programas de est\u00edmulo econ\u00f3mico, ser\u00e1n cruciales para estabilizar la econom\u00eda y fomentar un entorno de crecimiento sostenible. Mientras tanto, la poblaci\u00f3n enfrenta una dura realidad de p\u00e9rdida de poder adquisitivo y mayores tasas de desempleo, lo que aumenta la urgencia de soluciones efectivas y r\u00e1pidas para evitar un mayor deterioro econ\u00f3mico y social en el pa\u00eds.<\/p>\n","protected":false},"excerpt":{"rendered":"<p>La econom\u00eda argentina contin\u00faa en una espiral descendente, afectando varios sectores cr\u00edticos. La recesi\u00f3n y la p\u00e9rdida de poder adquisitivo<\/p>\n","protected":false},"author":1,"featured_media":58822,"comment_status":"closed","ping_status":"closed","sticky":false,"template":"","format":"standard","meta":{"kia_subtitle":"La econom\u00eda argentina enfrenta una severa recesi\u00f3n con marcadas ca\u00eddas en la producci\u00f3n automotriz y los despachos de cemento, reflejando la p\u00e9rdida de poder adquisitivo y el aumento del desempleo.","footnotes":"","jetpack_publicize_message":"","jetpack_publicize_feature_enabled":true,"jetpack_social_post_already_shared":true,"jetpack_social_options":{"image_generator_settings":{"template":"highway","default_image_id":0,"font":"","enabled":false},"version":2}},"categories":[3,41],"tags":[],"class_list":["post-106639","post","type-post","status-publish","format-standard","has-post-thumbnail","hentry","category-actualidad","category-nacionales"],"jetpack_publicize_connections":[],"jetpack_featured_media_url":"https:\/\/laurbedigital.com.ar\/noticias\/wp-content\/uploads\/2021\/08\/20210805-cemento.jpg","_links":{"self":[{"href":"https:\/\/laurbedigital.com.ar\/noticias\/wp-json\/wp\/v2\/posts\/106639","targetHints":{"allow":["GET"]}}],"collection":[{"href":"https:\/\/laurbedigital.com.ar\/noticias\/wp-json\/wp\/v2\/posts"}],"about":[{"href":"https:\/\/laurbedigital.com.ar\/noticias\/wp-json\/wp\/v2\/types\/post"}],"author":[{"embeddable":true,"href":"https:\/\/laurbedigital.com.ar\/noticias\/wp-json\/wp\/v2\/users\/1"}],"replies":[{"embeddable":true,"href":"https:\/\/laurbedigital.com.ar\/noticias\/wp-json\/wp\/v2\/comments?post=106639"}],"version-history":[{"count":1,"href":"https:\/\/laurbedigital.com.ar\/noticias\/wp-json\/wp\/v2\/posts\/106639\/revisions"}],"predecessor-version":[{"id":106640,"href":"https:\/\/laurbedigital.com.ar\/noticias\/wp-json\/wp\/v2\/posts\/106639\/revisions\/106640"}],"wp:featuredmedia":[{"embeddable":true,"href":"https:\/\/laurbedigital.com.ar\/noticias\/wp-json\/wp\/v2\/media\/58822"}],"wp:attachment":[{"href":"https:\/\/laurbedigital.com.ar\/noticias\/wp-json\/wp\/v2\/media?parent=106639"}],"wp:term":[{"taxonomy":"category","embeddable":true,"href":"https:\/\/laurbedigital.com.ar\/noticias\/wp-json\/wp\/v2\/categories?post=106639"},{"taxonomy":"post_tag","embeddable":true,"href":"https:\/\/laurbedigital.com.ar\/noticias\/wp-json\/wp\/v2\/tags?post=106639"}],"curies":[{"name":"wp","href":"https:\/\/api.w.org\/{rel}","templated":true}]}}