{"id":106331,"date":"2024-06-25T00:02:25","date_gmt":"2024-06-25T03:02:25","guid":{"rendered":"https:\/\/laurbedigital.com.ar\/noticias\/?p=106331"},"modified":"2024-06-24T20:48:37","modified_gmt":"2024-06-24T23:48:37","slug":"campeones-del-78-a-46-anos-del-primer-titulo-mundial-de-argentina","status":"publish","type":"post","link":"https:\/\/laurbedigital.com.ar\/noticias\/2024\/06\/25\/campeones-del-78-a-46-anos-del-primer-titulo-mundial-de-argentina\/","title":{"rendered":"Campeones del 78: A 46 A\u00f1os del primer t\u00edtulo Mundial de Argentina"},"content":{"rendered":"<p>El 25 de junio de 1978, Argentina se coronaba campe\u00f3n del mundo por primera vez en su historia. En el Estadio Monumental, ante 71.483 espectadores, la Albiceleste venc\u00eda a Pa\u00edses Bajos 3-1 en tiempo extra, desatando la euforia de un pa\u00eds que se encontraba en un contexto socio-pol\u00edtico complejo. Hoy, 46 a\u00f1os despu\u00e9s, recordamos ese logro que qued\u00f3 grabado en la memoria colectiva de los argentinos.<\/p>\n<h4><strong>Un Mundial bajo la sombra de la dictadura<\/strong><\/h4>\n<p>El Mundial de 1978 no fue solo un evento deportivo; se desarroll\u00f3 en medio de la dictadura militar que gobernaba Argentina desde 1976. La Junta Militar, encabezada por Jorge Rafael Videla, utiliz\u00f3 el torneo como una herramienta de propaganda para mostrar una imagen positiva del pa\u00eds al mundo, mientras en paralelo se llevaban a cabo graves violaciones a los derechos humanos. Sin embargo, el f\u00fatbol, con su poder unificador, logr\u00f3 que durante un mes la mayor\u00eda de los argentinos se unieran en torno a un objetivo com\u00fan: ver a su selecci\u00f3n campeona del mundo.<\/p>\n<h4><strong>La gesta de Menotti y su equipo<\/strong><\/h4>\n<p>C\u00e9sar Luis Menotti, el \u00abFlaco\u00bb, fue el arquitecto de aquella selecci\u00f3n que combinaba talento y coraje. Jugadores como Mario Kempes, Daniel Passarella, Ubaldo Fillol y Osvaldo Ardiles se convirtieron en \u00edconos de una generaci\u00f3n. Kempes, en particular, brill\u00f3 con luz propia, convirti\u00e9ndose en el m\u00e1ximo goleador del torneo con seis tantos, incluyendo dos en la final contra los neerlandeses.<\/p>\n<h4><strong>El camino a la gloria<\/strong><\/h4>\n<p>Argentina comenz\u00f3 el torneo en el Grupo 1, junto a Hungr\u00eda, Francia e Italia. Tras dos victorias ajustadas ante h\u00fangaros y franceses, una derrota ante Italia los dej\u00f3 segundos en el grupo. En la segunda fase, la Albiceleste mostr\u00f3 su mejor versi\u00f3n, venciendo a Polonia y Per\u00fa (con un contundente 6-0 que gener\u00f3 sospechas de arreglo, nunca comprobadas) y empatando con Brasil. Esto le permiti\u00f3 llegar a la final.<\/p>\n<p>En la final, el equipo neerland\u00e9s, liderado por Johan Neeskens y Rob Rensenbrink, era un rival formidable. Argentina abri\u00f3 el marcador con un gol de Kempes, pero a pocos minutos del final, Dick Nanninga empat\u00f3 para los europeos, forzando el tiempo extra. En el alargue, Kempes y Bertoni sellaron el triunfo hist\u00f3rico.<\/p>\n<h4><strong>El legado del 78<\/strong><\/h4>\n<p>El triunfo de 1978 dej\u00f3 un legado profundo en el f\u00fatbol argentino. No solo fue el primer campeonato mundial del pa\u00eds, sino que tambi\u00e9n estableci\u00f3 un est\u00e1ndar de excelencia y pasi\u00f3n que la selecci\u00f3n argentina ha buscado mantener y superar en torneos posteriores. Este logro fue un preludio del t\u00edtulo de 1986 en M\u00e9xico y del reciente \u00e9xito en Qatar 2022.<\/p>\n<h4><strong>Recordando a los h\u00e9roes<\/strong><\/h4>\n<p>Hoy, 46 a\u00f1os despu\u00e9s, celebramos y recordamos a los h\u00e9roes de 1978. Los jugadores, cuerpo t\u00e9cnico y todos aquellos que, desde el anonimato, contribuyeron a esa gesta, siguen siendo una fuente de inspiraci\u00f3n y orgullo para el pa\u00eds. El f\u00fatbol argentino ha cambiado mucho desde entonces, pero la esencia de aquella victoria, la pasi\u00f3n y el sacrificio, siguen vivos en cada generaci\u00f3n que viste la celeste y blanca.<\/p>\n<p>&nbsp;<\/p>\n","protected":false},"excerpt":{"rendered":"<p>El 25 de junio de 1978, Argentina se coronaba campe\u00f3n del mundo por primera vez en su historia. En el<\/p>\n","protected":false},"author":1,"featured_media":78144,"comment_status":"closed","ping_status":"closed","sticky":false,"template":"","format":"standard","meta":{"kia_subtitle":"Celebramos 46 a\u00f1os del primer t\u00edtulo mundial de Argentina en 1978, un hito que uni\u00f3 al pa\u00eds en medio de tiempos turbulentos. Recordamos la gesta de Kempes y compa\u00f1\u00eda que marc\u00f3 un antes y un despu\u00e9s en la historia del f\u00fatbol argentino.","footnotes":"","jetpack_publicize_message":"","jetpack_publicize_feature_enabled":true,"jetpack_social_post_already_shared":true,"jetpack_social_options":{"image_generator_settings":{"template":"highway","default_image_id":0,"font":"","enabled":false},"version":2}},"categories":[5,2594],"tags":[],"class_list":["post-106331","post","type-post","status-publish","format-standard","has-post-thumbnail","hentry","category-cultura","category-efemerides"],"jetpack_publicize_connections":[],"jetpack_featured_media_url":"https:\/\/laurbedigital.com.ar\/noticias\/wp-content\/uploads\/2022\/06\/20220624-Efemerides-Argentina-1978.jpg","_links":{"self":[{"href":"https:\/\/laurbedigital.com.ar\/noticias\/wp-json\/wp\/v2\/posts\/106331","targetHints":{"allow":["GET"]}}],"collection":[{"href":"https:\/\/laurbedigital.com.ar\/noticias\/wp-json\/wp\/v2\/posts"}],"about":[{"href":"https:\/\/laurbedigital.com.ar\/noticias\/wp-json\/wp\/v2\/types\/post"}],"author":[{"embeddable":true,"href":"https:\/\/laurbedigital.com.ar\/noticias\/wp-json\/wp\/v2\/users\/1"}],"replies":[{"embeddable":true,"href":"https:\/\/laurbedigital.com.ar\/noticias\/wp-json\/wp\/v2\/comments?post=106331"}],"version-history":[{"count":1,"href":"https:\/\/laurbedigital.com.ar\/noticias\/wp-json\/wp\/v2\/posts\/106331\/revisions"}],"predecessor-version":[{"id":106332,"href":"https:\/\/laurbedigital.com.ar\/noticias\/wp-json\/wp\/v2\/posts\/106331\/revisions\/106332"}],"wp:featuredmedia":[{"embeddable":true,"href":"https:\/\/laurbedigital.com.ar\/noticias\/wp-json\/wp\/v2\/media\/78144"}],"wp:attachment":[{"href":"https:\/\/laurbedigital.com.ar\/noticias\/wp-json\/wp\/v2\/media?parent=106331"}],"wp:term":[{"taxonomy":"category","embeddable":true,"href":"https:\/\/laurbedigital.com.ar\/noticias\/wp-json\/wp\/v2\/categories?post=106331"},{"taxonomy":"post_tag","embeddable":true,"href":"https:\/\/laurbedigital.com.ar\/noticias\/wp-json\/wp\/v2\/tags?post=106331"}],"curies":[{"name":"wp","href":"https:\/\/api.w.org\/{rel}","templated":true}]}}