{"id":106269,"date":"2024-06-23T00:08:58","date_gmt":"2024-06-23T03:08:58","guid":{"rendered":"https:\/\/laurbedigital.com.ar\/noticias\/?p=106269"},"modified":"2024-06-22T23:28:20","modified_gmt":"2024-06-23T02:28:20","slug":"dia-de-las-viudas-por-que-se-celebra-este-23-de-junio","status":"publish","type":"post","link":"https:\/\/laurbedigital.com.ar\/noticias\/2024\/06\/23\/dia-de-las-viudas-por-que-se-celebra-este-23-de-junio\/","title":{"rendered":"D\u00eda de las Viudas: \u00bfpor qu\u00e9 se celebra este 23 de junio?"},"content":{"rendered":"<p>Cada 23 de junio se celebra el D\u00eda de las Viudas en diversos pa\u00edses del mundo. Esta efem\u00e9ride no solo busca honrar a las mujeres que han perdido a sus esposos, sino tambi\u00e9n reconocer su valent\u00eda y determinaci\u00f3n para enfrentar una nueva realidad tras la p\u00e9rdida de un ser querido.<\/p>\n<p>El D\u00eda de las Viudas tiene sus ra\u00edces en una tradici\u00f3n que data de hace siglos. Aunque las pr\u00e1cticas var\u00edan seg\u00fan la cultura y la regi\u00f3n, la esencia de esta celebraci\u00f3n gira en torno al apoyo y la solidaridad hacia las viudas, destacando su capacidad para adaptarse y reconstruir sus vidas despu\u00e9s de la p\u00e9rdida.<\/p>\n<p>Hist\u00f3ricamente, las viudas enfrentaban desaf\u00edos significativos debido a la falta de derechos legales y econ\u00f3micos que las dejaban en una situaci\u00f3n vulnerable. Este d\u00eda conmemorativo no solo busca recordar su situaci\u00f3n, sino tambi\u00e9n promover la igualdad de g\u00e9nero y los derechos de las viudas en la sociedad moderna.<\/p>\n<p>En muchas culturas, el D\u00eda de las Viudas se celebra con eventos comunitarios, charlas educativas, y actividades destinadas a proporcionar apoyo emocional y recursos pr\u00e1cticos a las viudas. Es una oportunidad para reflexionar sobre la importancia de la empat\u00eda y la solidaridad hacia quienes atraviesan el proceso de duelo y adaptaci\u00f3n.<\/p>\n<p>En algunos pa\u00edses, este d\u00eda tambi\u00e9n sirve como plataforma para abogar por pol\u00edticas p\u00fablicas que protejan y apoyen a las viudas, asegurando que tengan acceso a recursos educativos, econ\u00f3micos y sociales que les permitan reconstruir sus vidas de manera independiente y digna.<\/p>\n<p>El D\u00eda de las Viudas es m\u00e1s que una conmemoraci\u00f3n; es un recordatorio de la fuerza y \u200b\u200bla perseverancia de las mujeres que enfrentan la adversidad con valent\u00eda. En un mundo que est\u00e1 en constante cambio, esta efem\u00e9ride nos invita a reflexionar sobre c\u00f3mo podemos apoyar mejor a quienes han perdido a sus seres queridos y crear comunidades m\u00e1s inclusivas y solidarias.<\/p>\n","protected":false},"excerpt":{"rendered":"<p>Cada 23 de junio se celebra el D\u00eda de las Viudas en diversos pa\u00edses del mundo. Esta efem\u00e9ride no solo<\/p>\n","protected":false},"author":1,"featured_media":106270,"comment_status":"closed","ping_status":"closed","sticky":false,"template":"","format":"standard","meta":{"kia_subtitle":"Descubre el origen y la importancia del D\u00eda de las Viudas, una fecha que conmemora la fortaleza y resiliencia de quienes perdieron a sus c\u00f3nyuges.","footnotes":"","jetpack_publicize_message":"","jetpack_publicize_feature_enabled":true,"jetpack_social_post_already_shared":true,"jetpack_social_options":{"image_generator_settings":{"template":"highway","default_image_id":0,"font":"","enabled":false},"version":2}},"categories":[5,2594],"tags":[],"class_list":["post-106269","post","type-post","status-publish","format-standard","has-post-thumbnail","hentry","category-cultura","category-efemerides"],"jetpack_publicize_connections":[],"jetpack_featured_media_url":"https:\/\/laurbedigital.com.ar\/noticias\/wp-content\/uploads\/2024\/06\/20240623-Viuda.jpg","_links":{"self":[{"href":"https:\/\/laurbedigital.com.ar\/noticias\/wp-json\/wp\/v2\/posts\/106269","targetHints":{"allow":["GET"]}}],"collection":[{"href":"https:\/\/laurbedigital.com.ar\/noticias\/wp-json\/wp\/v2\/posts"}],"about":[{"href":"https:\/\/laurbedigital.com.ar\/noticias\/wp-json\/wp\/v2\/types\/post"}],"author":[{"embeddable":true,"href":"https:\/\/laurbedigital.com.ar\/noticias\/wp-json\/wp\/v2\/users\/1"}],"replies":[{"embeddable":true,"href":"https:\/\/laurbedigital.com.ar\/noticias\/wp-json\/wp\/v2\/comments?post=106269"}],"version-history":[{"count":1,"href":"https:\/\/laurbedigital.com.ar\/noticias\/wp-json\/wp\/v2\/posts\/106269\/revisions"}],"predecessor-version":[{"id":106271,"href":"https:\/\/laurbedigital.com.ar\/noticias\/wp-json\/wp\/v2\/posts\/106269\/revisions\/106271"}],"wp:featuredmedia":[{"embeddable":true,"href":"https:\/\/laurbedigital.com.ar\/noticias\/wp-json\/wp\/v2\/media\/106270"}],"wp:attachment":[{"href":"https:\/\/laurbedigital.com.ar\/noticias\/wp-json\/wp\/v2\/media?parent=106269"}],"wp:term":[{"taxonomy":"category","embeddable":true,"href":"https:\/\/laurbedigital.com.ar\/noticias\/wp-json\/wp\/v2\/categories?post=106269"},{"taxonomy":"post_tag","embeddable":true,"href":"https:\/\/laurbedigital.com.ar\/noticias\/wp-json\/wp\/v2\/tags?post=106269"}],"curies":[{"name":"wp","href":"https:\/\/api.w.org\/{rel}","templated":true}]}}