{"id":106216,"date":"2024-06-21T03:29:32","date_gmt":"2024-06-21T06:29:32","guid":{"rendered":"https:\/\/laurbedigital.com.ar\/noticias\/?p=106216"},"modified":"2024-06-21T03:29:32","modified_gmt":"2024-06-21T06:29:32","slug":"abrio-la-inscripcion-al-programa-cocina-de-festivales","status":"publish","type":"post","link":"https:\/\/laurbedigital.com.ar\/noticias\/2024\/06\/21\/abrio-la-inscripcion-al-programa-cocina-de-festivales\/","title":{"rendered":"Abri\u00f3 la inscripci\u00f3n al programa Cocina de Festivales"},"content":{"rendered":"<p>El Instituto Cultural de la Provincia de Buenos Aires abre la segunda etapa del programa\u00a0<strong>Cocina de Festivales<\/strong>, destinado a festivales de gesti\u00f3n no estatal radicados en el territorio bonaerense. Esta convocatoria se da en el marco del\u00a0<strong>Plan de fortalecimiento a la cultura comunitaria<\/strong>, que acompa\u00f1a diferentes espacios y colectivos, se brinda acompa\u00f1amiento, asesoramiento y herramientas para el desarrollo cultural en la Provincia.<\/p>\n<p>Podr\u00e1n inscribirse festivales que est\u00e9n programados entre el\u00a0<strong>1 de septiembre de 2024 y el 28 de febrero de 2025<\/strong>\u00a0en el territorio bonaerense; y contempla el otorgamiento de acompa\u00f1amientos econ\u00f3micos de car\u00e1cter no reembolsable para la producci\u00f3n general de festivales.<\/p>\n<p>La inscripci\u00f3n se realiza de manera online en la web\u00a0<a href=\"https:\/\/culturaenterritorio.gba.gob.ar\/\" target=\"_blank\" rel=\"noopener noreferrer\">culturaenterritorio.gba.gob.ar<\/a>\u00a0hasta el viernes 5 de julio. Por consultas, comunicarse a\u00a0<a href=\"mailto:festivalesyeventos@ic.gba.gob.ar\" target=\"_blank\" rel=\"noopener noreferrer\">festivalesyeventos@ic.gba.gob.ar<\/a>\u00a0con el asunto \u201cCocina de Festivales 2024\u201d.<\/p>\n<p>\u201cLos festivales que se dan en nuestra Provincia tienen una gran importancia en cada regi\u00f3n y son parte fundamental de nuestra identidad cultural. Esta pol\u00edtica p\u00fablica tiene como objetivo fomentar y fortalecer el desarrollo de festivales art\u00edsticos y culturales para que la comunidad pueda acceder a la cultura\u201d, sostuvieron desde el Instituto Cultural bonaerense que conduce Florencia Saintout.<\/p>\n<p>Este programa busca fortalecer la sostenibilidad de festivales en sus territorios, impulsar la circulaci\u00f3n y el trabajo de artistas bonaerenses, incentivar el intercambio y el trabajo colectivo en red. Adem\u00e1s, se realizar\u00e1n capacitaciones para la realizaci\u00f3n y profesionalizaci\u00f3n del sector.<\/p>\n<p>Vale destacar que se entiende a los festivales como los eventos que, con periodicidad estipulada y sostenida en el tiempo, ofrecen al menos tres propuestas art\u00edstico culturales de misma o distinta \u00edndole tales como espect\u00e1culos en vivo, charlas, talleres, conferencias, etc. y programadas de forma coherente y conjunta en un mismo cronograma de actividades.<\/p>\n<h4><strong>Sobre el Plan de Fortalecimiento a la Cultura Comunitaria<\/strong><\/h4>\n<p>El Plan de Fortalecimiento a la Cultura Comunitaria es una pol\u00edtica impulsada por el Instituto Cultural bonaerense destinada a acompa\u00f1ar e incentivar espacios, centros culturales y salas de teatro independientes, colectivos art\u00edsticos y\/o culturales y festivales de gesti\u00f3n no estatal.<\/p>\n<p>Se acompa\u00f1a procesos de formalizaci\u00f3n de los espacios culturales comunitarios y se suma a una serie de pol\u00edticas p\u00fablicas que se vienen realizando, como capacitaciones y talleres de oficios culturales, encuentros de trabajo y asistencias art\u00edsticas.<\/p>\n","protected":false},"excerpt":{"rendered":"<p>El Instituto Cultural de la Provincia de Buenos Aires abre la segunda etapa del programa\u00a0Cocina de Festivales, destinado a festivales<\/p>\n","protected":false},"author":1,"featured_media":106217,"comment_status":"closed","ping_status":"closed","sticky":false,"template":"","format":"standard","meta":{"kia_subtitle":"Se trata de un programa que busca acompa\u00f1ar a festivales de gesti\u00f3n no estatal que se desarrollan en el territorio bonaerense. La inscripci\u00f3n es gratuita y estar\u00e1 abierta hasta el 5 de julio.","footnotes":"","jetpack_publicize_message":"","jetpack_publicize_feature_enabled":true,"jetpack_social_post_already_shared":true,"jetpack_social_options":{"image_generator_settings":{"template":"highway","default_image_id":0,"font":"","enabled":false},"version":2}},"categories":[3,56],"tags":[],"class_list":["post-106216","post","type-post","status-publish","format-standard","has-post-thumbnail","hentry","category-actualidad","category-buenos-aires"],"jetpack_publicize_connections":[],"jetpack_featured_media_url":"https:\/\/laurbedigital.com.ar\/noticias\/wp-content\/uploads\/2024\/06\/20240621-Cocina-de-feria.jpg","_links":{"self":[{"href":"https:\/\/laurbedigital.com.ar\/noticias\/wp-json\/wp\/v2\/posts\/106216","targetHints":{"allow":["GET"]}}],"collection":[{"href":"https:\/\/laurbedigital.com.ar\/noticias\/wp-json\/wp\/v2\/posts"}],"about":[{"href":"https:\/\/laurbedigital.com.ar\/noticias\/wp-json\/wp\/v2\/types\/post"}],"author":[{"embeddable":true,"href":"https:\/\/laurbedigital.com.ar\/noticias\/wp-json\/wp\/v2\/users\/1"}],"replies":[{"embeddable":true,"href":"https:\/\/laurbedigital.com.ar\/noticias\/wp-json\/wp\/v2\/comments?post=106216"}],"version-history":[{"count":2,"href":"https:\/\/laurbedigital.com.ar\/noticias\/wp-json\/wp\/v2\/posts\/106216\/revisions"}],"predecessor-version":[{"id":106219,"href":"https:\/\/laurbedigital.com.ar\/noticias\/wp-json\/wp\/v2\/posts\/106216\/revisions\/106219"}],"wp:featuredmedia":[{"embeddable":true,"href":"https:\/\/laurbedigital.com.ar\/noticias\/wp-json\/wp\/v2\/media\/106217"}],"wp:attachment":[{"href":"https:\/\/laurbedigital.com.ar\/noticias\/wp-json\/wp\/v2\/media?parent=106216"}],"wp:term":[{"taxonomy":"category","embeddable":true,"href":"https:\/\/laurbedigital.com.ar\/noticias\/wp-json\/wp\/v2\/categories?post=106216"},{"taxonomy":"post_tag","embeddable":true,"href":"https:\/\/laurbedigital.com.ar\/noticias\/wp-json\/wp\/v2\/tags?post=106216"}],"curies":[{"name":"wp","href":"https:\/\/api.w.org\/{rel}","templated":true}]}}