{"id":106199,"date":"2024-06-21T02:32:55","date_gmt":"2024-06-21T05:32:55","guid":{"rendered":"https:\/\/laurbedigital.com.ar\/noticias\/?p=106199"},"modified":"2024-06-21T02:32:55","modified_gmt":"2024-06-21T05:32:55","slug":"horror-en-santiago-del-estero-doble-femicidio-y-un-detenido","status":"publish","type":"post","link":"https:\/\/laurbedigital.com.ar\/noticias\/2024\/06\/21\/horror-en-santiago-del-estero-doble-femicidio-y-un-detenido\/","title":{"rendered":"Horror en Santiago del Estero: doble femicidio y un detenido"},"content":{"rendered":"<p>En un horroroso suceso que ha conmocionado a Santiago del Estero, dos mujeres fueron encontradas muertas en el interior de un autom\u00f3vil en una zona rural pr\u00f3xima a la localidad de Robles. Las v\u00edctimas, identificadas como Luz Nair Banegas, de 23 a\u00f1os, y su sobrina Morena Banegas, de 20, estaban desaparecidas desde el martes pasado. La polic\u00eda detuvo a Gabriel Cejas, ex pareja de una de las mujeres, como principal sospechoso del doble femicidio.<\/p>\n<p>Las j\u00f3venes fueron vistas por \u00faltima vez cuando salieron de su hogar en el paraje Pampa Muyoj, en el departamento La Banda. Los cuerpos fueron descubiertos en un Volkswagen Gol gris, en un \u00e1rea ubicada entre Santa Elena y Villa Hip\u00f3lita, a aproximadamente 40 kil\u00f3metros de la capital provincial. Presentaban m\u00faltiples heridas de arma blanca, seg\u00fan confirmaron las autoridades.<\/p>\n<p>La investigaci\u00f3n se aceler\u00f3 cuando se encontraron marcas de zapatillas en la escena del crimen, las cuales ser\u00e1n cotejadas con las del sospechoso detenido. Gabriel Cejas, de 21 a\u00f1os, fue arrestado tras presentarse en una sede policial alegando ser v\u00edctima de un intento de robo. Sin embargo, las heridas en sus manos y brazos levantaron sospechas, llev\u00e1ndolo a ser atendido en el Centro Integral de Salud Banda antes de ser detenido por la polic\u00eda.<\/p>\n<p>Cejas era la ex pareja de una de las v\u00edctimas y ahora se encuentra bajo custodia policial mientras se esperan los resultados de las autopsias que determinar\u00e1n las causas exactas de las muertes. La comunidad de Santiago del Estero se encuentra consternada por el brutal asesinato, mientras los familiares de las v\u00edctimas exigen justicia y respuestas sobre el tr\u00e1gico suceso.<\/p>\n<p>La violencia de g\u00e9nero contin\u00faa siendo una problem\u00e1tica urgente en Argentina, con cifras alarmantes de femicidios que reflejan una crisis social profunda. Este caso resalta la necesidad de medidas m\u00e1s efectivas y preventivas para proteger a las mujeres y garantizar que no haya m\u00e1s v\u00edctimas de violencia machista.<\/p>\n<p>El Ministerio de Justicia y Derechos Humanos de la Naci\u00f3n ha manifestado su compromiso de acompa\u00f1ar a las familias afectadas y asegurar que el caso se investigue con la rigurosidad que merece. Organizaciones feministas y de derechos humanos tambi\u00e9n se han movilizado, convocando a marchas y vigilias en memoria de Luz y Morena, y exigiendo pol\u00edticas p\u00fablicas que aborden de manera integral la violencia de g\u00e9nero.<\/p>\n<p>Este horroroso episodio nos recuerda la urgencia de un cambio cultural y estructural en la sociedad, donde la violencia contra las mujeres no tenga cabida. La justicia debe prevalecer y el Estado tiene la responsabilidad de implementar acciones concretas que aseguren la protecci\u00f3n y el bienestar de todas las mujeres.<\/p>\n<p>La investigaci\u00f3n sigue en curso, y las autoridades prometen esclarecer los hechos y llevar a los responsables ante la justicia. Mientras tanto, la comunidad de Santiago del Estero permanece unida en el dolor y la indignaci\u00f3n, clamando por un fin a la violencia de g\u00e9nero y por un futuro donde casos como el de Luz y Morena no se repitan.<\/p>\n","protected":false},"excerpt":{"rendered":"<p>En un horroroso suceso que ha conmocionado a Santiago del Estero, dos mujeres fueron encontradas muertas en el interior de<\/p>\n","protected":false},"author":1,"featured_media":100865,"comment_status":"closed","ping_status":"closed","sticky":false,"template":"","format":"standard","meta":{"kia_subtitle":"Luz Nair Banegas y Morena Banegas fueron encontradas sin vida en un autom\u00f3vil en una zona rural cercana a Robles. La polic\u00eda detuvo al ex novio de una de ellas como principal sospechoso.","footnotes":"","jetpack_publicize_message":"","jetpack_publicize_feature_enabled":true,"jetpack_social_post_already_shared":true,"jetpack_social_options":{"image_generator_settings":{"template":"highway","default_image_id":0,"font":"","enabled":false},"version":2}},"categories":[8],"tags":[],"class_list":["post-106199","post","type-post","status-publish","format-standard","has-post-thumbnail","hentry","category-policiales"],"jetpack_publicize_connections":[],"jetpack_featured_media_url":"https:\/\/laurbedigital.com.ar\/noticias\/wp-content\/uploads\/2024\/01\/20240112-femicidios.jpg","_links":{"self":[{"href":"https:\/\/laurbedigital.com.ar\/noticias\/wp-json\/wp\/v2\/posts\/106199","targetHints":{"allow":["GET"]}}],"collection":[{"href":"https:\/\/laurbedigital.com.ar\/noticias\/wp-json\/wp\/v2\/posts"}],"about":[{"href":"https:\/\/laurbedigital.com.ar\/noticias\/wp-json\/wp\/v2\/types\/post"}],"author":[{"embeddable":true,"href":"https:\/\/laurbedigital.com.ar\/noticias\/wp-json\/wp\/v2\/users\/1"}],"replies":[{"embeddable":true,"href":"https:\/\/laurbedigital.com.ar\/noticias\/wp-json\/wp\/v2\/comments?post=106199"}],"version-history":[{"count":2,"href":"https:\/\/laurbedigital.com.ar\/noticias\/wp-json\/wp\/v2\/posts\/106199\/revisions"}],"predecessor-version":[{"id":106201,"href":"https:\/\/laurbedigital.com.ar\/noticias\/wp-json\/wp\/v2\/posts\/106199\/revisions\/106201"}],"wp:featuredmedia":[{"embeddable":true,"href":"https:\/\/laurbedigital.com.ar\/noticias\/wp-json\/wp\/v2\/media\/100865"}],"wp:attachment":[{"href":"https:\/\/laurbedigital.com.ar\/noticias\/wp-json\/wp\/v2\/media?parent=106199"}],"wp:term":[{"taxonomy":"category","embeddable":true,"href":"https:\/\/laurbedigital.com.ar\/noticias\/wp-json\/wp\/v2\/categories?post=106199"},{"taxonomy":"post_tag","embeddable":true,"href":"https:\/\/laurbedigital.com.ar\/noticias\/wp-json\/wp\/v2\/tags?post=106199"}],"curies":[{"name":"wp","href":"https:\/\/api.w.org\/{rel}","templated":true}]}}