{"id":106020,"date":"2024-06-16T04:34:24","date_gmt":"2024-06-16T07:34:24","guid":{"rendered":"https:\/\/laurbedigital.com.ar\/noticias\/?p=106020"},"modified":"2024-06-16T04:34:24","modified_gmt":"2024-06-16T07:34:24","slug":"vinculan-el-consumo-de-ultraprocesados-con-sintomas-depresivos-y-cambios-en-circuitos-cerebrales","status":"publish","type":"post","link":"https:\/\/laurbedigital.com.ar\/noticias\/2024\/06\/16\/vinculan-el-consumo-de-ultraprocesados-con-sintomas-depresivos-y-cambios-en-circuitos-cerebrales\/","title":{"rendered":"Vinculan el consumo de ultraprocesados con s\u00edntomas depresivos y cambios en circuitos cerebrales"},"content":{"rendered":"<p>El consumo de alimentos ultraprocesados, presentes en gran parte de las dietas modernas, podr\u00eda estar teniendo efectos negativos sobre la salud mental y cerebral. Un estudio llevado a cabo por el Centro de Investigaci\u00f3n Biom\u00e9dica en Red (CIBER) y el Instituto de Investigaci\u00f3n Biom\u00e9dica de Girona Dr. Josep Trueta (IDIBGI) ha encontrado v\u00ednculos directos entre estos alimentos, s\u00edntomas depresivos y cambios en el volumen de la sustancia gris en regiones espec\u00edficas del cerebro.<\/p>\n<p>La investigaci\u00f3n, publicada en el Journal of Affective Disorders, se enfoca en los posibles efectos adversos del consumo de ultraprocesados, tales como snacks, bebidas azucaradas, precocinados, boller\u00eda industrial, carnes procesadas, galletas, l\u00e1cteos azucarados, cereales refinados, pizzas y nuggets, sobre la salud mental y cerebral. Estos productos, ricos en grasas saturadas, az\u00facares a\u00f1adidos y sal, pero pobres en prote\u00ednas, fibra y micronutrientes, pueden tener un impacto significativo en la estructura y funci\u00f3n cerebral.<\/p>\n<p>El estudio transversal, que incluy\u00f3 a 233 personas de las cuales 152 participaron en el an\u00e1lisis final, se centr\u00f3 en la relaci\u00f3n entre el consumo de ultraprocesados y la salud mental. Para evaluar el consumo de estos alimentos, los investigadores utilizaron cuestionarios de frecuencia alimentaria y el sistema de clasificaci\u00f3n de alimentos NOVA. Se midieron tambi\u00e9n s\u00edntomas depresivos, utilizando im\u00e1genes de resonancia magn\u00e9tica estructural para observar el volumen de sustancia gris en el cerebro, y se evaluaron par\u00e1metros metab\u00f3licos y biomarcadores inflamatorios, como el recuento de gl\u00f3bulos blancos y la prote\u00edna C reactiva.<\/p>\n<p>Los resultados mostraron una clara asociaci\u00f3n entre un mayor consumo de ultraprocesados y una mayor presencia de s\u00edntomas depresivos. Adem\u00e1s, se observ\u00f3 un menor volumen de sustancia gris en \u00e1reas del cerebro involucradas en la recompensa y la toma de decisiones, como la am\u00edgdala y las regiones frontales. Estos cambios en el cerebro pueden estar relacionados con los s\u00edntomas depresivos observados en los participantes.<\/p>\n<p>Uno de los hallazgos m\u00e1s relevantes del estudio es que esta asociaci\u00f3n es particularmente notable en individuos con obesidad. En este grupo, que representaba el 58.6% de los participantes, se registr\u00f3 una mayor prevalencia de s\u00edntomas depresivos en comparaci\u00f3n con aquellos sin obesidad. Los investigadores, liderados por Oren Contreras-Rodr\u00edguez y Jos\u00e9 Manuel Fern\u00e1ndez-Real, sugieren que los niveles de inflamaci\u00f3n, medidos a trav\u00e9s de biomarcadores inflamatorios, podr\u00edan mediar en esta relaci\u00f3n.<\/p>\n<p>\u00abComo hip\u00f3tesis de trabajo, esper\u00e1bamos que un mayor consumo de ultraprocesados se asociara con un mayor riesgo de s\u00edntomas depresivos y un menor volumen de sustancia gris en la am\u00edgdala y regiones frontales, especialmente en participantes con obesidad\u00bb, explic\u00f3 Contreras-Rodr\u00edguez. \u00abLos resultados confirmaron nuestra hip\u00f3tesis\u00bb, a\u00f1adi\u00f3 Fern\u00e1ndez-Real.<\/p>\n<p>Este estudio contribuye a una creciente base de evidencia que sugiere que los h\u00e1bitos alimentarios pueden tener un impacto profundo en la salud mental y cerebral. Al destacar la conexi\u00f3n entre el consumo de alimentos ultraprocesados, los s\u00edntomas depresivos y los cambios en la estructura cerebral, esta investigaci\u00f3n subraya la importancia de una dieta equilibrada y rica en nutrientes para mantener la salud mental.<\/p>\n<p>Los investigadores del CIBER y el IDIBGI, junto con colaboradores de la Agencia de Salud P\u00fablica de Barcelona y el Instituto de Investigaci\u00f3n de Sant Pau, contin\u00faan explorando los mecanismos subyacentes a estas asociaciones. Sus hallazgos podr\u00edan tener implicaciones importantes para las pol\u00edticas de salud p\u00fablica y las estrategias de intervenci\u00f3n diet\u00e9tica destinadas a mejorar la salud mental y prevenir trastornos depresivos.<\/p>\n","protected":false},"excerpt":{"rendered":"<p>El consumo de alimentos ultraprocesados, presentes en gran parte de las dietas modernas, podr\u00eda estar teniendo efectos negativos sobre la<\/p>\n","protected":false},"author":1,"featured_media":106021,"comment_status":"closed","ping_status":"closed","sticky":false,"template":"","format":"standard","meta":{"kia_subtitle":"Un estudio reciente sugiere que la comida ultraprocesada podr\u00eda estar relacionada con s\u00edntomas depresivos y alteraciones en el cerebro.","footnotes":"","jetpack_publicize_message":"","jetpack_publicize_feature_enabled":true,"jetpack_social_post_already_shared":true,"jetpack_social_options":{"image_generator_settings":{"template":"highway","default_image_id":0,"font":"","enabled":false},"version":2}},"categories":[15,70],"tags":[],"class_list":["post-106020","post","type-post","status-publish","format-standard","has-post-thumbnail","hentry","category-tendencias","category-salud"],"jetpack_publicize_connections":[],"jetpack_featured_media_url":"https:\/\/laurbedigital.com.ar\/noticias\/wp-content\/uploads\/2024\/06\/20240616-Papas-fritas.jpg","_links":{"self":[{"href":"https:\/\/laurbedigital.com.ar\/noticias\/wp-json\/wp\/v2\/posts\/106020","targetHints":{"allow":["GET"]}}],"collection":[{"href":"https:\/\/laurbedigital.com.ar\/noticias\/wp-json\/wp\/v2\/posts"}],"about":[{"href":"https:\/\/laurbedigital.com.ar\/noticias\/wp-json\/wp\/v2\/types\/post"}],"author":[{"embeddable":true,"href":"https:\/\/laurbedigital.com.ar\/noticias\/wp-json\/wp\/v2\/users\/1"}],"replies":[{"embeddable":true,"href":"https:\/\/laurbedigital.com.ar\/noticias\/wp-json\/wp\/v2\/comments?post=106020"}],"version-history":[{"count":1,"href":"https:\/\/laurbedigital.com.ar\/noticias\/wp-json\/wp\/v2\/posts\/106020\/revisions"}],"predecessor-version":[{"id":106022,"href":"https:\/\/laurbedigital.com.ar\/noticias\/wp-json\/wp\/v2\/posts\/106020\/revisions\/106022"}],"wp:featuredmedia":[{"embeddable":true,"href":"https:\/\/laurbedigital.com.ar\/noticias\/wp-json\/wp\/v2\/media\/106021"}],"wp:attachment":[{"href":"https:\/\/laurbedigital.com.ar\/noticias\/wp-json\/wp\/v2\/media?parent=106020"}],"wp:term":[{"taxonomy":"category","embeddable":true,"href":"https:\/\/laurbedigital.com.ar\/noticias\/wp-json\/wp\/v2\/categories?post=106020"},{"taxonomy":"post_tag","embeddable":true,"href":"https:\/\/laurbedigital.com.ar\/noticias\/wp-json\/wp\/v2\/tags?post=106020"}],"curies":[{"name":"wp","href":"https:\/\/api.w.org\/{rel}","templated":true}]}}