{"id":105998,"date":"2024-06-15T00:39:46","date_gmt":"2024-06-15T03:39:46","guid":{"rendered":"https:\/\/laurbedigital.com.ar\/noticias\/?p=105998"},"modified":"2024-06-15T00:39:46","modified_gmt":"2024-06-15T03:39:46","slug":"crecieron-las-denuncias-por-violencia-contra-adultos-mayores","status":"publish","type":"post","link":"https:\/\/laurbedigital.com.ar\/noticias\/2024\/06\/15\/crecieron-las-denuncias-por-violencia-contra-adultos-mayores\/","title":{"rendered":"Crecieron las denuncias por violencia contra adultos mayores"},"content":{"rendered":"<div class=\"flex flex-grow flex-col max-w-full\">\n<div class=\"min-h-[20px] text-message flex flex-col items-start whitespace-pre-wrap break-words [.text-message+&amp;]:mt-5 juice:w-full juice:items-end overflow-x-auto gap-2\" dir=\"auto\" data-message-author-role=\"assistant\" data-message-id=\"e080b4b9-c57c-4326-98a5-4be12c2a8e7f\">\n<div class=\"flex w-full flex-col gap-1 juice:empty:hidden juice:first:pt-[3px]\">\n<div class=\"markdown prose w-full break-words dark:prose-invert light\">\n<p>La violencia dentro de las casas atraviesa todas las clases sociales y todas las edades. Tal vez no sea una de las vulnerabilidades de las que m\u00e1s se hable, pues muchas veces queda entre cuatro paredes. Los adultos mayores son v\u00edctimas de diferentes formas de violencia dentro de sus hogares y las estad\u00edsticas est\u00e1n en aumento.<\/p>\n<p>Las denuncias por violencia contra adultos mayores en 2023 aumentaron un 9% respecto de 2022, seg\u00fan un informe presentado por la Oficina de Violencia Dom\u00e9stica (OVD) de la Corte Suprema al que Cr\u00f3nica.com.ar tuvo acceso. Los equipos interdisciplinarios de la OVD recibieron 1002 presentaciones durante 2023 en las que personas mayores de 60 a\u00f1os fueron afectadas por hechos de violencia dom\u00e9stica en la Ciudad Aut\u00f3noma de Buenos Aires. Esto representa 921 casos m\u00e1s que en 2022 y 645 m\u00e1s que en 2020.<\/p>\n<p>La OVD tambi\u00e9n respondi\u00f3 a 979 consultas informativas realizadas por personas mayores (75% mujeres y 25% hombres), lo que implic\u00f3 un aumento del 58% respecto del a\u00f1o 2020. Los datos surgen del informe \u201cPersonas mayores afectadas por situaciones de violencia dom\u00e9stica 2023\u201d, difundido este viernes en el D\u00eda Mundial de Toma de Conciencia del Abuso y Maltrato en la Vejez.<\/p>\n<p>La mayor\u00eda de las v\u00edctimas son mujeres que denunciaron a sus hijos. Los episodios de violencia se desencadenaron principalmente ante cuadros de padecimiento mental y\/o problem\u00e1ticas adictivas de los denunciados. De las 1041 personas mayores afectadas, el 67% ten\u00eda entre 60 y 74 a\u00f1os, y el 33% era mayor de 74 a\u00f1os. El 75% de las v\u00edctimas eran mujeres y el 25% hombres, con una edad promedio de 71 a\u00f1os.<\/p>\n<p>En cuanto a los agresores, se denunciaron a 1131 personas, de las cuales el 65% eran hombres y el 35% mujeres. Si bien los varones denunciados superaron en n\u00famero y proporci\u00f3n a las mujeres en todos los grupos de edad, el segmento con m\u00e1s personas denunciadas fue el de hombres de entre 30 y 59 a\u00f1os (40%). Tambi\u00e9n hubo seis adolescentes denunciados entre 15 y 17 a\u00f1os. El 30% de los agresores presentaba consumo problem\u00e1tico de alcohol y otro tanto de sustancias psicoactivas, adem\u00e1s el 8% pose\u00eda armas de fuego.<\/p>\n<p>En el 97% de los casos la violencia psicol\u00f3gica estuvo presente, la violencia ambiental en el 46%, la f\u00edsica en el 43%, la econ\u00f3mica y patrimonial en el 38%, la simb\u00f3lica en el 31%, la social en el 9% y la sexual en el 2%, seg\u00fan el informe. Las mujeres fueron las m\u00e1s afectadas, representando el 76% de los adultos mayores afectados por la violencia. En los casos de violencia sexual, todas las personas afectadas eran mujeres, y cinco mujeres mayores fueron v\u00edctimas de violencia digital.<\/p>\n<p>La frecuencia de la violencia fue diaria o semanal en el 59% de los casos. Solo el 7% de las personas mayores afectadas denunci\u00f3 un primer episodio de violencia. De las personas mayores evaluadas por profesionales del servicio m\u00e9dico de la OVD, el 84% ten\u00eda lesiones, el 37% ten\u00eda lesiones en el rostro y el 63% ten\u00eda antecedentes de lesiones f\u00edsicas. El tiempo promedio de maltrato fue de 10 a\u00f1os en el caso de la relaci\u00f3n familiar y de 15 a\u00f1os en las relaciones de pareja.<\/p>\n<p>El 99.7% de los casos tuvo derivaci\u00f3n a la Justicia Nacional en lo Civil; el 9% a la Justicia Nacional en lo Criminal y Correccional; el 67% al Fuero Penal, Penal Juvenil, Contravencional y de Faltas de la Ciudad de Buenos Aires; y el 68% al Programa Proteger (GCBA).<\/p>\n<p>El aumento de las denuncias por violencia contra adultos mayores evidencia la necesidad de generar mayor conciencia y de implementar medidas efectivas para proteger a esta poblaci\u00f3n vulnerable. La sociedad debe estar atenta y ofrecer apoyo para que estos casos no queden en la sombra y se les brinde la justicia y protecci\u00f3n que merecen.<\/p>\n<\/div>\n<\/div>\n<\/div>\n<\/div>\n","protected":false},"excerpt":{"rendered":"<p>La violencia dentro de las casas atraviesa todas las clases sociales y todas las edades. Tal vez no sea una<\/p>\n","protected":false},"author":1,"featured_media":105999,"comment_status":"closed","ping_status":"closed","sticky":false,"template":"","format":"standard","meta":{"kia_subtitle":"Los datos son de la Oficina de Violencia Dom\u00e9stica de la Corte Suprema, difundidos en el D\u00eda Mundial de Toma de Conciencia del Abuso y Maltrato en la Vejez. La mayor\u00eda de los agresores son los hijos.","footnotes":"","jetpack_publicize_message":"","jetpack_publicize_feature_enabled":true,"jetpack_social_post_already_shared":true,"jetpack_social_options":{"image_generator_settings":{"template":"highway","default_image_id":0,"font":"","enabled":false},"version":2}},"categories":[8],"tags":[],"class_list":["post-105998","post","type-post","status-publish","format-standard","has-post-thumbnail","hentry","category-policiales"],"jetpack_publicize_connections":[],"jetpack_featured_media_url":"https:\/\/laurbedigital.com.ar\/noticias\/wp-content\/uploads\/2024\/06\/20240615-Abuela.jpg","_links":{"self":[{"href":"https:\/\/laurbedigital.com.ar\/noticias\/wp-json\/wp\/v2\/posts\/105998","targetHints":{"allow":["GET"]}}],"collection":[{"href":"https:\/\/laurbedigital.com.ar\/noticias\/wp-json\/wp\/v2\/posts"}],"about":[{"href":"https:\/\/laurbedigital.com.ar\/noticias\/wp-json\/wp\/v2\/types\/post"}],"author":[{"embeddable":true,"href":"https:\/\/laurbedigital.com.ar\/noticias\/wp-json\/wp\/v2\/users\/1"}],"replies":[{"embeddable":true,"href":"https:\/\/laurbedigital.com.ar\/noticias\/wp-json\/wp\/v2\/comments?post=105998"}],"version-history":[{"count":1,"href":"https:\/\/laurbedigital.com.ar\/noticias\/wp-json\/wp\/v2\/posts\/105998\/revisions"}],"predecessor-version":[{"id":106000,"href":"https:\/\/laurbedigital.com.ar\/noticias\/wp-json\/wp\/v2\/posts\/105998\/revisions\/106000"}],"wp:featuredmedia":[{"embeddable":true,"href":"https:\/\/laurbedigital.com.ar\/noticias\/wp-json\/wp\/v2\/media\/105999"}],"wp:attachment":[{"href":"https:\/\/laurbedigital.com.ar\/noticias\/wp-json\/wp\/v2\/media?parent=105998"}],"wp:term":[{"taxonomy":"category","embeddable":true,"href":"https:\/\/laurbedigital.com.ar\/noticias\/wp-json\/wp\/v2\/categories?post=105998"},{"taxonomy":"post_tag","embeddable":true,"href":"https:\/\/laurbedigital.com.ar\/noticias\/wp-json\/wp\/v2\/tags?post=105998"}],"curies":[{"name":"wp","href":"https:\/\/api.w.org\/{rel}","templated":true}]}}