{"id":105985,"date":"2024-06-14T21:39:54","date_gmt":"2024-06-15T00:39:54","guid":{"rendered":"https:\/\/laurbedigital.com.ar\/noticias\/?p=105985"},"modified":"2024-06-14T21:39:54","modified_gmt":"2024-06-15T00:39:54","slug":"la-inflacion-no-da-tregua-los-alimentos-subieron-un-15-en-la-segunda-semana-de-junio","status":"publish","type":"post","link":"https:\/\/laurbedigital.com.ar\/noticias\/2024\/06\/14\/la-inflacion-no-da-tregua-los-alimentos-subieron-un-15-en-la-segunda-semana-de-junio\/","title":{"rendered":"La inflaci\u00f3n no da tregua: los alimentos subieron un 1,5% en la segunda semana de junio"},"content":{"rendered":"<p>La econom\u00eda argentina contin\u00faa enfrentando desaf\u00edos significativos en materia de inflaci\u00f3n, especialmente en el sector de alimentos y bebidas. En la segunda semana de junio, los precios de estos productos experimentaron un incremento del 1,5%, seg\u00fan un informe reciente de la consultora LCG. Este aumento, que se ha acelerado respecto al inicio del mes, refleja la persistente presi\u00f3n inflacionaria sobre los consumidores.<\/p>\n<p>En esta ocasi\u00f3n, los productos que lideraron las subas fueron las bebidas, el az\u00facar, los l\u00e1cteos y las verduras, con aumentos muy por encima del promedio. De acuerdo al informe de LCG, las verduras registraron una suba del 3,9%, mientras que el az\u00facar, miel, dulces y cacao aumentaron un 2,8%. Las bebidas e infusiones para el hogar subieron un 2,4% y los productos l\u00e1cteos y huevos un 2,3%. Otros productos como los de panificaci\u00f3n, cereales y pastas tambi\u00e9n presentaron incrementos del 1,9%.<\/p>\n<p>En contraste, algunos productos mostraron variaciones negativas en sus precios. Los aceites, por ejemplo, registraron una baja del 3,9%, mientras que las frutas disminuyeron un 0,4%. La carne, un producto esencial en la dieta argentina, tuvo un aumento leve del 0,5%, moderando la suba general de alimentos y bebidas. Sin embargo, la variaci\u00f3n de precios de estos productos, sin incluir la carne, ser\u00eda del 2% semanal.<\/p>\n<p>Este escenario de aumentos de precios se da en medio de especulaciones gubernamentales sobre el n\u00famero final del \u00cdndice de Precios al Consumidor (IPC) de junio, que podr\u00eda ser mayor al registrado en mayo. En mayo, la inflaci\u00f3n alcanz\u00f3 el 4,2%, seg\u00fan el Instituto Nacional de Estad\u00edstica y Censos (INDEC), y la inflaci\u00f3n interanual se situ\u00f3 en 276,4%, lo que representa una reducci\u00f3n de 13 puntos porcentuales respecto a abril.<\/p>\n<p>El incremento en el precio de los alimentos no es un fen\u00f3meno aislado, sino que forma parte de una tendencia inflacionaria m\u00e1s amplia que afecta a distintos sectores de la econom\u00eda. Se espera que en junio se computen los aumentos de transporte, naftas, electricidad, gas y prepagas, lo que podr\u00eda contribuir a un escenario inflacionario a\u00fan m\u00e1s complejo. Ante este panorama, el Gobierno ya est\u00e1 tomando medidas preventivas para mitigar el impacto negativo en la econom\u00eda y en los consumidores.<\/p>\n<p>La inflaci\u00f3n sigue siendo uno de los principales desaf\u00edos econ\u00f3micos de Argentina, afectando el poder adquisitivo de los consumidores y generando incertidumbre en el mercado. Mientras los precios de los alimentos y bebidas contin\u00faan en aumento, el Gobierno se enfrenta a la tarea de implementar pol\u00edticas efectivas para controlar la inflaci\u00f3n y proteger a los ciudadanos. La evoluci\u00f3n del IPC en las pr\u00f3ximas semanas ser\u00e1 crucial para determinar la direcci\u00f3n de la econom\u00eda en el corto plazo.<\/p>\n","protected":false},"excerpt":{"rendered":"<p>La econom\u00eda argentina contin\u00faa enfrentando desaf\u00edos significativos en materia de inflaci\u00f3n, especialmente en el sector de alimentos y bebidas. En<\/p>\n","protected":false},"author":1,"featured_media":104852,"comment_status":"closed","ping_status":"closed","sticky":false,"template":"","format":"standard","meta":{"kia_subtitle":"En la segunda semana de junio, los precios de los alimentos y bebidas registraron un aumento del 1,5%, con las bebidas, el az\u00facar, los l\u00e1cteos y las verduras a la cabeza de las subas. El \u00cdndice de Precios al Consumidor (IPC) de junio promete ser superior al de mayo, seg\u00fan las primeras especulaciones.","footnotes":"","jetpack_publicize_message":"","jetpack_publicize_feature_enabled":true,"jetpack_social_post_already_shared":true,"jetpack_social_options":{"image_generator_settings":{"template":"highway","default_image_id":0,"font":"","enabled":false},"version":2}},"categories":[3,41],"tags":[],"class_list":["post-105985","post","type-post","status-publish","format-standard","has-post-thumbnail","hentry","category-actualidad","category-nacionales"],"jetpack_publicize_connections":[],"jetpack_featured_media_url":"https:\/\/laurbedigital.com.ar\/noticias\/wp-content\/uploads\/2024\/05\/20240513-Frutas-y-verduras-agroalimentos-vegetales-mercado.jpg","_links":{"self":[{"href":"https:\/\/laurbedigital.com.ar\/noticias\/wp-json\/wp\/v2\/posts\/105985","targetHints":{"allow":["GET"]}}],"collection":[{"href":"https:\/\/laurbedigital.com.ar\/noticias\/wp-json\/wp\/v2\/posts"}],"about":[{"href":"https:\/\/laurbedigital.com.ar\/noticias\/wp-json\/wp\/v2\/types\/post"}],"author":[{"embeddable":true,"href":"https:\/\/laurbedigital.com.ar\/noticias\/wp-json\/wp\/v2\/users\/1"}],"replies":[{"embeddable":true,"href":"https:\/\/laurbedigital.com.ar\/noticias\/wp-json\/wp\/v2\/comments?post=105985"}],"version-history":[{"count":1,"href":"https:\/\/laurbedigital.com.ar\/noticias\/wp-json\/wp\/v2\/posts\/105985\/revisions"}],"predecessor-version":[{"id":105986,"href":"https:\/\/laurbedigital.com.ar\/noticias\/wp-json\/wp\/v2\/posts\/105985\/revisions\/105986"}],"wp:featuredmedia":[{"embeddable":true,"href":"https:\/\/laurbedigital.com.ar\/noticias\/wp-json\/wp\/v2\/media\/104852"}],"wp:attachment":[{"href":"https:\/\/laurbedigital.com.ar\/noticias\/wp-json\/wp\/v2\/media?parent=105985"}],"wp:term":[{"taxonomy":"category","embeddable":true,"href":"https:\/\/laurbedigital.com.ar\/noticias\/wp-json\/wp\/v2\/categories?post=105985"},{"taxonomy":"post_tag","embeddable":true,"href":"https:\/\/laurbedigital.com.ar\/noticias\/wp-json\/wp\/v2\/tags?post=105985"}],"curies":[{"name":"wp","href":"https:\/\/api.w.org\/{rel}","templated":true}]}}