{"id":105982,"date":"2024-06-14T19:08:31","date_gmt":"2024-06-14T22:08:31","guid":{"rendered":"https:\/\/laurbedigital.com.ar\/noticias\/?p=105982"},"modified":"2024-06-14T19:08:31","modified_gmt":"2024-06-14T22:08:31","slug":"el-papa-francisco-critica-la-retencion-de-alimentos-por-parte-del-gobierno-de-milei","status":"publish","type":"post","link":"https:\/\/laurbedigital.com.ar\/noticias\/2024\/06\/14\/el-papa-francisco-critica-la-retencion-de-alimentos-por-parte-del-gobierno-de-milei\/","title":{"rendered":"El Papa Francisco critica la retenci\u00f3n de alimentos por parte del gobierno de Milei"},"content":{"rendered":"<p>En un contexto de creciente vulnerabilidad para ni\u00f1os y jubilados, el Papa Francisco expres\u00f3 su malestar ante la retenci\u00f3n de cinco mil toneladas de alimentos por parte del gobierno de Javier Milei. Durante una audiencia con dirigentes sindicales, el pont\u00edfice enfatiz\u00f3 la gravedad de esta situaci\u00f3n y subray\u00f3 la urgencia de distribuir estos recursos a quienes m\u00e1s lo necesitan.<\/p>\n<h4><strong>La indignaci\u00f3n de Francisco<\/strong><\/h4>\n<p>El Papa Francisco no ocult\u00f3 su indignaci\u00f3n por el hallazgo de una vasta cantidad de alimentos sin distribuir, especialmente en un momento cr\u00edtico para los sectores m\u00e1s desprotegidos de la sociedad. En una audiencia con una veintena de dirigentes sindicales, el pont\u00edfice destac\u00f3 que la retenci\u00f3n de estos alimentos en los dep\u00f3sitos del ministerio de Capital Humano es inaceptable, y enfatiz\u00f3 la necesidad de actuar con prontitud para mitigar la creciente vulnerabilidad de los ni\u00f1os y jubilados.<\/p>\n<h4><strong>Encuentro con sindicalistas<\/strong><\/h4>\n<p>La audiencia con los sindicalistas form\u00f3 parte de un proyecto coordinado por la Universidad del Salvador (USAL) para la entrega de alimentos a comedores comunitarios. Entre los asistentes se encontraban destacados dirigentes como Jos\u00e9 Voytenco (Uatre), Guillermo Moser (Luz y Fuerza), Cristian Jer\u00f3nimo (empleados del vidrio), y Juan Pablo Brey (aeronavegantes), entre otros. Estos encuentros tambi\u00e9n coincidieron con la participaci\u00f3n de los gremialistas en la cumbre anual de la Organizaci\u00f3n Internacional del Trabajo (OIT).<\/p>\n<h4><strong>Participaci\u00f3n en la cumbre de la OIT<\/strong><\/h4>\n<p>La presencia de los sindicalistas en la cumbre de la OIT subraya la importancia de los temas discutidos, particularmente en lo que respecta a la legislaci\u00f3n laboral y la justicia social. Adem\u00e1s, durante su visita, Francisco se reuni\u00f3 con Gerardo Mart\u00ednez y otros representantes del sector petrolero, destacando la relevancia de estos encuentros para abordar temas cruciales para el pa\u00eds.<\/p>\n<h4><strong>La Ley Bases y el debate sobre Aerol\u00edneas Argentinas<\/strong><\/h4>\n<p>El tratamiento de la Ley Bases en el Congreso argentino fue otro punto destacado en las reuniones. La sanci\u00f3n de esta ley fue un tema central, y durante las audiencias, Francisco lleg\u00f3 a fotografiarse con banderas de Aerol\u00edneas Argentinas, en un gesto simb\u00f3lico relacionado con los debates sobre la eventual privatizaci\u00f3n de la compa\u00f1\u00eda.<\/p>\n<h4><strong>Proyecto \u00abHambre Cero en Argentina\u00bb<\/strong><\/h4>\n<p>Durante el encuentro, Jos\u00e9 Voytenco present\u00f3 al Papa un proyecto denominado \u00abHambre cero en Argentina\u00bb. Este proyecto, basado en un trabajo conjunto entre productores de alimentos y sindicatos, busca aprovechar la capilaridad de estas organizaciones para combatir el hambre en todo el pa\u00eds. La iniciativa fue bien recibida por el pont\u00edfice, quien ha sido un ferviente defensor de la lucha contra el desperdicio de alimentos.<\/p>\n<h4><strong>Denuncia del desperdicio de alimentos<\/strong><\/h4>\n<p>Francisco ha sido enf\u00e1tico en su denuncia del desperdicio de alimentos. En septiembre pasado, declar\u00f3 que \u00abel desperdicio de alimentos es tan funesto como la tragedia del hambre\u00bb y lo describi\u00f3 como \u00abuna afrenta a los pobres\u00bb. El pont\u00edfice ha instado a una mayor solidaridad y justicia en la distribuci\u00f3n de los recursos alimentarios, subrayando que \u00abel alimento que arrojamos a la basura lo arrancamos inicuamente de las manos de quienes carecen del mismo\u00bb.<\/p>\n<h4><strong>La voz del Pont\u00edfice como llamado a la acci\u00f3n contra la injusticia alimentaria<\/strong><\/h4>\n<p>El Papa Francisco ha vuelto a poner de relieve la urgencia de abordar la crisis alimentaria y la injusticia del desperdicio de alimentos. Su llamado a la acci\u00f3n resuena fuertemente en un momento en que la vulnerabilidad de los sectores m\u00e1s desprotegidos sigue en aumento. La retenci\u00f3n de alimentos por parte del gobierno de Javier Milei ha generado una indignaci\u00f3n justificada, y la iniciativa \u00abHambre cero en Argentina\u00bb ofrece una esperanza tangible para mitigar esta problem\u00e1tica. En \u00faltima instancia, la voz del pont\u00edfice sirve como un recordatorio poderoso de nuestra responsabilidad colectiva para asegurar que nadie pase hambre en un mundo de abundancia.<\/p>\n","protected":false},"excerpt":{"rendered":"<p>En un contexto de creciente vulnerabilidad para ni\u00f1os y jubilados, el Papa Francisco expres\u00f3 su malestar ante la retenci\u00f3n de<\/p>\n","protected":false},"author":1,"featured_media":37665,"comment_status":"closed","ping_status":"closed","sticky":false,"template":"","format":"standard","meta":{"kia_subtitle":"El Pont\u00edfice manifiesta su indignaci\u00f3n ante la creciente vulnerabilidad de los sectores m\u00e1s desprotegidos","footnotes":"","jetpack_publicize_message":"","jetpack_publicize_feature_enabled":true,"jetpack_social_post_already_shared":true,"jetpack_social_options":{"image_generator_settings":{"template":"highway","default_image_id":0,"font":"","enabled":false},"version":2}},"categories":[3,138],"tags":[],"class_list":["post-105982","post","type-post","status-publish","format-standard","has-post-thumbnail","hentry","category-actualidad","category-internacional"],"jetpack_publicize_connections":[],"jetpack_featured_media_url":"https:\/\/laurbedigital.com.ar\/noticias\/wp-content\/uploads\/2020\/10\/20201010-papa-francisco.jpg","_links":{"self":[{"href":"https:\/\/laurbedigital.com.ar\/noticias\/wp-json\/wp\/v2\/posts\/105982","targetHints":{"allow":["GET"]}}],"collection":[{"href":"https:\/\/laurbedigital.com.ar\/noticias\/wp-json\/wp\/v2\/posts"}],"about":[{"href":"https:\/\/laurbedigital.com.ar\/noticias\/wp-json\/wp\/v2\/types\/post"}],"author":[{"embeddable":true,"href":"https:\/\/laurbedigital.com.ar\/noticias\/wp-json\/wp\/v2\/users\/1"}],"replies":[{"embeddable":true,"href":"https:\/\/laurbedigital.com.ar\/noticias\/wp-json\/wp\/v2\/comments?post=105982"}],"version-history":[{"count":1,"href":"https:\/\/laurbedigital.com.ar\/noticias\/wp-json\/wp\/v2\/posts\/105982\/revisions"}],"predecessor-version":[{"id":105983,"href":"https:\/\/laurbedigital.com.ar\/noticias\/wp-json\/wp\/v2\/posts\/105982\/revisions\/105983"}],"wp:featuredmedia":[{"embeddable":true,"href":"https:\/\/laurbedigital.com.ar\/noticias\/wp-json\/wp\/v2\/media\/37665"}],"wp:attachment":[{"href":"https:\/\/laurbedigital.com.ar\/noticias\/wp-json\/wp\/v2\/media?parent=105982"}],"wp:term":[{"taxonomy":"category","embeddable":true,"href":"https:\/\/laurbedigital.com.ar\/noticias\/wp-json\/wp\/v2\/categories?post=105982"},{"taxonomy":"post_tag","embeddable":true,"href":"https:\/\/laurbedigital.com.ar\/noticias\/wp-json\/wp\/v2\/tags?post=105982"}],"curies":[{"name":"wp","href":"https:\/\/api.w.org\/{rel}","templated":true}]}}