{"id":105110,"date":"2024-05-20T23:06:00","date_gmt":"2024-05-21T02:06:00","guid":{"rendered":"https:\/\/laurbedigital.com.ar\/noticias\/?p=105110"},"modified":"2024-05-20T20:14:14","modified_gmt":"2024-05-20T23:14:14","slug":"la-crisis-de-los-medicamentos-personas-suspenden-sus-tratamientos","status":"publish","type":"post","link":"https:\/\/laurbedigital.com.ar\/noticias\/2024\/05\/20\/la-crisis-de-los-medicamentos-personas-suspenden-sus-tratamientos\/","title":{"rendered":"La crisis de los medicamentos: Personas suspenden sus tratamientos"},"content":{"rendered":"<p>La escalada de precios en los medicamentos est\u00e1 teniendo un impacto devastador en la salud de la poblaci\u00f3n. El Sindicato Argentino de Farmac\u00e9uticos y Bioqu\u00edmicos (Safyb) ha alertado sobre un significativo retroceso en la venta de medicamentos, tanto de venta libre como recetados, debido a los exorbitantes aumentos de precios.<\/p>\n<h4><strong>Un panorama alarmante<\/strong><\/h4>\n<p>Entre diciembre y abril, los precios de los medicamentos experimentaron un aumento del 157%, una cifra que contrasta dram\u00e1ticamente con la inflaci\u00f3n del per\u00edodo, que rond\u00f3 el 80%. Esta disparada en los costos ha causado que las ventas de remedios de venta libre caigan un 35% y las de medicamentos recetados un 20% en el primer cuatrimestre del a\u00f1o. Marcelo Peretta, secretario general del Safyb, expres\u00f3 su preocupaci\u00f3n en una entrevista con el diario El Popular, se\u00f1alando que esta situaci\u00f3n podr\u00eda desencadenar una crisis sanitaria sin precedentes.<\/p>\n<p>\u201cEl Gobierno est\u00e1 favoreciendo a los laboratorios al autorizar esas subas, mientras que a las prepagas les pone l\u00edmites\u201d, afirm\u00f3 Peretta. Este doble beneficio para la industria farmac\u00e9utica \u2013a trav\u00e9s de la autorizaci\u00f3n de incrementos de precios y la liberalizaci\u00f3n de la venta de ciertos medicamentos\u2013 est\u00e1 dejando a la poblaci\u00f3n en una situaci\u00f3n de vulnerabilidad extrema.<\/p>\n<h4><strong>Impacto en la Salud P\u00fablica<\/strong><\/h4>\n<p>La situaci\u00f3n es particularmente grave para los jubilados, quienes destinan una proporci\u00f3n significativa de sus ingresos a la compra de medicamentos. Antes de diciembre, el gasto en remedios representaba el 20% del ingreso de los trabajadores activos y el 40% de las remuneraciones de los jubilados. Actualmente, estas cifras han aumentado a 28% y 50%, respectivamente. A pesar de que el PAMI cubre una parte de los medicamentos, hay muchos que no est\u00e1n incluidos, lo que obliga a los jubilados a enfrentar escenas desalentadoras en las farmacias cuando no pueden costear sus tratamientos.<\/p>\n<p>Peretta subraya que la situaci\u00f3n es cr\u00edtica: \u201cTenemos entre un 18% y 20% de recetas ca\u00eddas, que es lo que ocurre cuando el paciente viene a la farmacia y se entera de que no puede pagar el remedio. Esto significa lisa y llanamente que el enfermo deja de tratar su dolencia, algo que en el corto y mediano plazo puede originar una crisis sanitaria\u201d.<\/p>\n<h4><strong>Las consecuencias de las pol\u00edticas de precios<\/strong><\/h4>\n<p>La pol\u00edtica del gobierno en relaci\u00f3n a los medicamentos ha sido duramente criticada por favorecer la remarcaci\u00f3n descontrolada de los laboratorios. Al mismo tiempo, se han puesto l\u00edmites a las prepagas, que concentran un 40% de sus prestaciones en el rubro medicamentos. Esta combinaci\u00f3n de factores est\u00e1 llevando a un incremento en las dificultades para acceder a los tratamientos necesarios, con consecuencias potencialmente devastadoras para la salud p\u00fablica.<\/p>\n<p>El aumento de precios no solo afecta a los pacientes directamente, sino que tambi\u00e9n tiene un impacto en el sistema de salud en su conjunto. Los profesionales de la salud est\u00e1n viendo c\u00f3mo los pacientes abandonan sus tratamientos, lo que puede llevar a un aumento en las complicaciones m\u00e9dicas y en las hospitalizaciones, sobrecargando a\u00fan m\u00e1s un sistema ya estresado.<\/p>\n<h4><strong>Testimonios de la crisis<\/strong><\/h4>\n<p>Los testimonios de farmac\u00e9uticos y pacientes reflejan la gravedad de la situaci\u00f3n. Mar\u00eda, una farmac\u00e9utica de Buenos Aires, cuenta: \u201cEs desgarrador ver a los jubilados venir con sus recetas y tener que elegir cu\u00e1les medicamentos pueden pagar. Algunos simplemente se van sin comprar nada porque no les alcanza\u201d.<\/p>\n<p>Jorge, un jubilado de 68 a\u00f1os, comparte su experiencia: \u201cAntes pod\u00eda comprar todos mis medicamentos, ahora tengo que dejar algunos porque no me alcanza la jubilaci\u00f3n. El PAMI no cubre todo y los precios est\u00e1n por las nubes\u201d.<\/p>\n<h4><strong>Medidas urgentes necesarias<\/strong><\/h4>\n<p>Ante esta situaci\u00f3n, el Safyb y otros actores del sector salud est\u00e1n haciendo un llamado urgente a las autoridades para que tomen medidas inmediatas. Proponen una serie de acciones para mitigar el impacto de los aumentos de precios y garantizar el acceso a los medicamentos esenciales:<\/p>\n<ol>\n<li><strong>Control de Precios<\/strong>: Implementar un control estricto sobre los precios de los medicamentos para evitar aumentos desproporcionados y garantizar la accesibilidad para toda la poblaci\u00f3n.<\/li>\n<li><strong>Subsidios y Ayudas Directas<\/strong>: Establecer subsidios y ayudas directas para los grupos m\u00e1s vulnerables, especialmente los jubilados, para que puedan acceder a sus tratamientos sin tener que sacrificar otros aspectos esenciales de su vida diaria.<\/li>\n<li><strong>Fomento de la Competencia<\/strong>: Promover la competencia en el sector farmac\u00e9utico, facilitando la entrada de medicamentos gen\u00e9ricos y biosimilares al mercado para reducir los precios.<\/li>\n<li><strong>Transparencia y Regulaci\u00f3n<\/strong>: Aumentar la transparencia en la fijaci\u00f3n de precios y fortalecer la regulaci\u00f3n para asegurar que los incrementos est\u00e9n justificados y sean equitativos.<\/li>\n<\/ol>\n<h4><strong>Un llamado a la responsabilidad<\/strong><\/h4>\n<p>La situaci\u00f3n actual es un claro llamado a la responsabilidad para todos los actores involucrados. El gobierno, los laboratorios y las prepagas deben trabajar conjuntamente para encontrar soluciones que garanticen el acceso a los medicamentos y protejan la salud de la poblaci\u00f3n. La salud es un derecho fundamental, y es imperativo que se tomen todas las medidas necesarias para garantizar que ninguna persona se vea obligada a abandonar su tratamiento debido a los altos costos.<\/p>\n<p>El sistema de salud debe priorizar el bienestar de los pacientes por encima de los intereses econ\u00f3micos. La comunidad internacional tambi\u00e9n puede jugar un papel importante, proporcionando asistencia y compartiendo experiencias exitosas de otros pa\u00edses que han enfrentado desaf\u00edos similares.<\/p>\n<h4><strong>Un futuro incierto<\/strong><\/h4>\n<p>El futuro de la salud p\u00fablica en el pa\u00eds se encuentra en una encrucijada. Si no se toman medidas inmediatas y efectivas para controlar los precios de los medicamentos y garantizar su accesibilidad, la crisis sanitaria que anticipa el Safyb podr\u00eda convertirse en una realidad tangible y devastadora.<\/p>\n<p>Es esencial que se aborden las causas subyacentes de la disparada de precios y se implementen pol\u00edticas p\u00fablicas que protejan a los m\u00e1s vulnerables. La salud no debe ser un lujo, sino un derecho accesible para todos. La sociedad en su conjunto debe alzar la voz y exigir cambios que aseguren que ning\u00fan paciente se vea obligado a elegir entre su salud y su subsistencia.<\/p>\n<p>La situaci\u00f3n es cr\u00edtica, pero no irreversible. Con voluntad pol\u00edtica, cooperaci\u00f3n entre los sectores y un enfoque centrado en el paciente, es posible revertir esta tendencia y construir un sistema de salud m\u00e1s equitativo y sostenible. El tiempo para actuar es ahora, antes de que la crisis se profundice y cause un da\u00f1o irreparable.<\/p>\n","protected":false},"excerpt":{"rendered":"<p>La escalada de precios en los medicamentos est\u00e1 teniendo un impacto devastador en la salud de la poblaci\u00f3n. El Sindicato<\/p>\n","protected":false},"author":1,"featured_media":105111,"comment_status":"closed","ping_status":"closed","sticky":false,"template":"","format":"standard","meta":{"kia_subtitle":"Por fuertes subas de precios, se desplom\u00f3 la venta de remedios: \u201cSe puede originar una crisis sanitaria\u201d, advierten expertos.","footnotes":"","jetpack_publicize_message":"","jetpack_publicize_feature_enabled":true,"jetpack_social_post_already_shared":true,"jetpack_social_options":{"image_generator_settings":{"template":"highway","default_image_id":0,"font":"","enabled":false},"version":2}},"categories":[3,41],"tags":[],"class_list":["post-105110","post","type-post","status-publish","format-standard","has-post-thumbnail","hentry","category-actualidad","category-nacionales"],"jetpack_publicize_connections":[],"jetpack_featured_media_url":"https:\/\/laurbedigital.com.ar\/noticias\/wp-content\/uploads\/2024\/05\/20240521-Medicamentos-Jubilados-Remedios.jpg","_links":{"self":[{"href":"https:\/\/laurbedigital.com.ar\/noticias\/wp-json\/wp\/v2\/posts\/105110","targetHints":{"allow":["GET"]}}],"collection":[{"href":"https:\/\/laurbedigital.com.ar\/noticias\/wp-json\/wp\/v2\/posts"}],"about":[{"href":"https:\/\/laurbedigital.com.ar\/noticias\/wp-json\/wp\/v2\/types\/post"}],"author":[{"embeddable":true,"href":"https:\/\/laurbedigital.com.ar\/noticias\/wp-json\/wp\/v2\/users\/1"}],"replies":[{"embeddable":true,"href":"https:\/\/laurbedigital.com.ar\/noticias\/wp-json\/wp\/v2\/comments?post=105110"}],"version-history":[{"count":1,"href":"https:\/\/laurbedigital.com.ar\/noticias\/wp-json\/wp\/v2\/posts\/105110\/revisions"}],"predecessor-version":[{"id":105112,"href":"https:\/\/laurbedigital.com.ar\/noticias\/wp-json\/wp\/v2\/posts\/105110\/revisions\/105112"}],"wp:featuredmedia":[{"embeddable":true,"href":"https:\/\/laurbedigital.com.ar\/noticias\/wp-json\/wp\/v2\/media\/105111"}],"wp:attachment":[{"href":"https:\/\/laurbedigital.com.ar\/noticias\/wp-json\/wp\/v2\/media?parent=105110"}],"wp:term":[{"taxonomy":"category","embeddable":true,"href":"https:\/\/laurbedigital.com.ar\/noticias\/wp-json\/wp\/v2\/categories?post=105110"},{"taxonomy":"post_tag","embeddable":true,"href":"https:\/\/laurbedigital.com.ar\/noticias\/wp-json\/wp\/v2\/tags?post=105110"}],"curies":[{"name":"wp","href":"https:\/\/api.w.org\/{rel}","templated":true}]}}