{"id":105086,"date":"2024-05-20T13:47:16","date_gmt":"2024-05-20T16:47:16","guid":{"rendered":"https:\/\/laurbedigital.com.ar\/noticias\/?p=105086"},"modified":"2024-05-20T13:47:16","modified_gmt":"2024-05-20T16:47:16","slug":"el-municipio-acompana-a-empresas-brownianas-en-la-busqueda-de-inversiones-y-para-potenciar-su-productividad","status":"publish","type":"post","link":"https:\/\/laurbedigital.com.ar\/noticias\/2024\/05\/20\/el-municipio-acompana-a-empresas-brownianas-en-la-busqueda-de-inversiones-y-para-potenciar-su-productividad\/","title":{"rendered":"El Municipio acompa\u00f1a a empresas brownianas en la b\u00fasqueda de inversiones y para potenciar su productividad"},"content":{"rendered":"<div>\n<p>Se trata de \u201cEncadenar, negocios en ronda\u201d, una iniciativa impulsada realizada en el Parque Industrial de Burzaco que nucle\u00f3 a emprendedores, profesionales de servicios, comercios, industrias, cooperativas de trabajo, escuelas t\u00e9cnicas, y universidades.<\/p>\n<p>La jornada cont\u00f3 con la presencia de m\u00e1s de 120 empresas locales y regionales e instituciones de Almirante Brown, en una actividad dise\u00f1ana para que intercambien experiencias y se vinculen para generar potenciales nuevos clientes y proveedores.<\/p>\n<p>En este sentido, en las llamadas \u201crondas\u201d hubo stands de empresas y bancos y tambi\u00e9n institucionales de las \u00e1reas de educaci\u00f3n, empleo y turismo, adem\u00e1s de la Universidad Nacional Guillermo Brown (UNAB). All\u00ed, se gener\u00f3 un espacio donde grandes y peque\u00f1as empresas tanto de industria como de comercio y servicio se encontraron para desarrollar nuevos clientes y proveedores.<\/p>\n<h6><strong>\u201cEstamos muy contentos con llevar adelante una nueva jornada de encuentro e intercambio de experiencias por parte de la comunidad empresarial de nuestro distrito y esperamos que haya sido verdaderamente productiva para que podamos seguir potenciando este querido Parque Industrial en el que funcionan m\u00e1s de 300 industrias y peque\u00f1as y medianas empresas\u201d, remarc\u00f3 Cascallares.<\/p>\n<p><img loading=\"lazy\" decoding=\"async\" class=\"alignnone size-full wp-image-105088\" src=\"https:\/\/laurbedigital.com.ar\/noticias\/wp-content\/uploads\/2024\/05\/20240520-Ogus1.jpg\" alt=\"\" width=\"768\" height=\"428\" title=\"\" srcset=\"https:\/\/laurbedigital.com.ar\/noticias\/wp-content\/uploads\/2024\/05\/20240520-Ogus1.jpg 768w, https:\/\/laurbedigital.com.ar\/noticias\/wp-content\/uploads\/2024\/05\/20240520-Ogus1-300x167.jpg 300w\" sizes=\"auto, (max-width: 768px) 100vw, 768px\" \/><br \/>\n<\/strong><\/h6>\n<p>La propuesta es de la Fundaci\u00f3n Pro Buenos Aires, en alianza con la C\u00e1mara Empresaria Bonaerense para el Fortalecimiento de las Cadenas de Valor y fue llevada adelante en articulaci\u00f3n con el Municipio de Almirante Brown, a trav\u00e9s de la Secretar\u00eda de Producci\u00f3n, Empleo y Formaci\u00f3n Profesional, el Sector Industrial Planificado, la Uni\u00f3n Industrial de Almirante Brown, y la Confederaci\u00f3n Econ\u00f3mica de la Provincia de Buenos Aires.<\/p>\n<p>La jornada cont\u00f3 con la presencia del secretario de Producci\u00f3n, Empleo y Formaci\u00f3n Profesional, Federico Sassone; el subsecretario Desarrollo Productivo y el Comercio, Leandro Gavioli; la directora de Desarrollo Industrial, Gabriela Pellegrini; el presidente de la Comisi\u00f3n Mixta,\u00a0Hern\u00e1n\u00a0Pereyra y el presidente de la UIAB, Miguel Rodr\u00edguez.<\/p>\n<\/div>\n<div class=\"yj6qo\"><\/div>\n<div class=\"adL\"><\/div>\n","protected":false},"excerpt":{"rendered":"<p>Se trata de \u201cEncadenar, negocios en ronda\u201d, una iniciativa impulsada realizada en el Parque Industrial de Burzaco que nucle\u00f3 a<\/p>\n","protected":false},"author":1,"featured_media":105087,"comment_status":"closed","ping_status":"closed","sticky":false,"template":"","format":"standard","meta":{"kia_subtitle":"El intendente de Almirante Brown, Mariano Cascallares, particip\u00f3 de una jornada impulsada para vincular a empresas locales y de la regi\u00f3n para que realicen el intercambio de ofertas, productos y servicios, con el objetivo de mejorar la productividad y potenciar a la comunidad empresarial.","footnotes":"","jetpack_publicize_message":"","jetpack_publicize_feature_enabled":true,"jetpack_social_post_already_shared":true,"jetpack_social_options":{"image_generator_settings":{"template":"highway","default_image_id":0,"font":"","enabled":false},"version":2}},"categories":[2,33],"tags":[],"class_list":["post-105086","post","type-post","status-publish","format-standard","has-post-thumbnail","hentry","category-alte-brown","category-alte-brown-alte-brown"],"jetpack_publicize_connections":[],"jetpack_featured_media_url":"https:\/\/laurbedigital.com.ar\/noticias\/wp-content\/uploads\/2024\/05\/20240520-Ogus.jpg","_links":{"self":[{"href":"https:\/\/laurbedigital.com.ar\/noticias\/wp-json\/wp\/v2\/posts\/105086","targetHints":{"allow":["GET"]}}],"collection":[{"href":"https:\/\/laurbedigital.com.ar\/noticias\/wp-json\/wp\/v2\/posts"}],"about":[{"href":"https:\/\/laurbedigital.com.ar\/noticias\/wp-json\/wp\/v2\/types\/post"}],"author":[{"embeddable":true,"href":"https:\/\/laurbedigital.com.ar\/noticias\/wp-json\/wp\/v2\/users\/1"}],"replies":[{"embeddable":true,"href":"https:\/\/laurbedigital.com.ar\/noticias\/wp-json\/wp\/v2\/comments?post=105086"}],"version-history":[{"count":2,"href":"https:\/\/laurbedigital.com.ar\/noticias\/wp-json\/wp\/v2\/posts\/105086\/revisions"}],"predecessor-version":[{"id":105090,"href":"https:\/\/laurbedigital.com.ar\/noticias\/wp-json\/wp\/v2\/posts\/105086\/revisions\/105090"}],"wp:featuredmedia":[{"embeddable":true,"href":"https:\/\/laurbedigital.com.ar\/noticias\/wp-json\/wp\/v2\/media\/105087"}],"wp:attachment":[{"href":"https:\/\/laurbedigital.com.ar\/noticias\/wp-json\/wp\/v2\/media?parent=105086"}],"wp:term":[{"taxonomy":"category","embeddable":true,"href":"https:\/\/laurbedigital.com.ar\/noticias\/wp-json\/wp\/v2\/categories?post=105086"},{"taxonomy":"post_tag","embeddable":true,"href":"https:\/\/laurbedigital.com.ar\/noticias\/wp-json\/wp\/v2\/tags?post=105086"}],"curies":[{"name":"wp","href":"https:\/\/api.w.org\/{rel}","templated":true}]}}