{"id":105019,"date":"2024-05-17T23:40:53","date_gmt":"2024-05-18T02:40:53","guid":{"rendered":"https:\/\/laurbedigital.com.ar\/noticias\/?p=105019"},"modified":"2024-05-19T04:02:30","modified_gmt":"2024-05-19T07:02:30","slug":"axel-kicillof-anuncia-aumento-salarial-del-75-para-empleados-publicos-en-la-provincia-de-buenos-aires","status":"publish","type":"post","link":"https:\/\/laurbedigital.com.ar\/noticias\/2024\/05\/17\/axel-kicillof-anuncia-aumento-salarial-del-75-para-empleados-publicos-en-la-provincia-de-buenos-aires\/","title":{"rendered":"La provincia anunci\u00f3 un aumento salarial del 7,5% para empleados p\u00fablicos"},"content":{"rendered":"<p>El Gobierno de la provincia de Buenos Aires, encabezado por Axel Kicillof, anunci\u00f3 un aumento salarial del 7,5% para el sector p\u00fablico, que incluye a docentes, personal de salud y trabajadores judiciales. Este incremento se aplicar\u00e1 a los sueldos de mayo y se suma a los ajustes mensuales realizados durante el a\u00f1o. Adem\u00e1s, se acord\u00f3 una revisi\u00f3n del acuerdo a mediados de junio para continuar las negociaciones paritarias.<\/p>\n<h4><strong>Detalles del anuncio<\/strong><\/h4>\n<p>El incremento del 7,5% sobre los sueldos de mayo es parte de la estrategia del Gobierno de la provincia de Buenos Aires para enfrentar la inflaci\u00f3n y mejorar el poder adquisitivo de los empleados p\u00fablicos. Esta medida, que se implementar\u00e1 a partir de mayo, busca contrarrestar el impacto de una inflaci\u00f3n que ya ha alcanzado el 65% en lo que va del a\u00f1o.<\/p>\n<p>El anuncio fue recibido con aceptaci\u00f3n por parte de la Asociaci\u00f3n de Trabajadores del Estado (ATE), cuyo secretario general, Claudio Ar\u00e9valo, destac\u00f3 la importancia de mantener las negociaciones colectivas mensuales. \u00abEl aguinaldo est\u00e1 garantizado. No habr\u00e1 despidos y es una tranquilidad\u00bb, afirm\u00f3 Ar\u00e9valo, subrayando la estabilidad laboral que se ha acordado junto con el aumento salarial.<\/p>\n<h4><strong>Reacciones de los gremios<\/strong><\/h4>\n<p>Desde el gremio docente SUTEBA, tambi\u00e9n se expres\u00f3 satisfacci\u00f3n con el acuerdo. La oferta aceptada llevar\u00e1 el salario inicial de los docentes a $441.108, lo cual representa un avance significativo en la lucha por salarios dignos en el sector educativo. Los representantes de ATE y UPCN, as\u00ed como los sindicatos de docentes nucleados en el Frente de Unidad, que incluye a SUTEBA, FEB, Sadop, AMET y Udocba, participaron activamente en la reuni\u00f3n paritaria y respaldaron el incremento.<\/p>\n<p>Ar\u00e9valo calific\u00f3 de \u00abpositivo\u00bb el hecho de que se mantenga la instancia de negociaci\u00f3n colectiva mensual. Esta modalidad permite una revisi\u00f3n constante de las condiciones laborales y salariales, ajust\u00e1ndose a la realidad econ\u00f3mica del pa\u00eds y la provincia.<\/p>\n<h4><strong>Contexto y evoluci\u00f3n de los aumentos<\/strong><\/h4>\n<p>En lo que va del a\u00f1o, los empleados p\u00fablicos de la provincia de Buenos Aires han experimentado varios aumentos salariales. La primera suba del a\u00f1o se aplic\u00f3 en enero y fue del 25%, en l\u00ednea con la inflaci\u00f3n de diciembre de 2023. Desde entonces, los ajustes mensuales han sido progresivamente menores, reflejando un intento del gobierno de equilibrar las finanzas provinciales con la necesidad de apoyar a los trabajadores.<\/p>\n<p>Con el aumento del 7,5% en mayo, el incremento acumulado en los salarios del sector p\u00fablico alcanza el 59,2% en 2024. Aunque esta cifra es significativa, la inflaci\u00f3n del 65% registrada en el mismo per\u00edodo muestra que los incrementos a\u00fan no logran completamente empatar el alza de precios.<\/p>\n<h4><strong>La importancia de la revisi\u00f3n en junio<\/strong><\/h4>\n<p>La administraci\u00f3n de Kicillof ha acordado una revisi\u00f3n del acuerdo a mediados de junio, lo cual es crucial para evaluar el impacto de la inflaci\u00f3n en el poder adquisitivo de los trabajadores. Esta revisi\u00f3n permitir\u00e1 ajustar las medidas salariales seg\u00fan la evoluci\u00f3n de la econom\u00eda y los indicadores inflacionarios.<\/p>\n<h4><strong>Impacto y perspectivas<\/strong><\/h4>\n<p>El aumento salarial busca mitigar los efectos de la inflaci\u00f3n y asegurar que los empleados p\u00fablicos puedan mantener un nivel de vida digno. Sin embargo, la econom\u00eda argentina sigue enfrentando desaf\u00edos significativos, y las negociaciones paritarias mensuales son una herramienta esencial para ajustar las pol\u00edticas salariales a la realidad cambiante.<\/p>\n<p>La aceptaci\u00f3n del aumento por parte de los principales gremios refleja una disposici\u00f3n al di\u00e1logo y la colaboraci\u00f3n con el gobierno provincial. Esta actitud constructiva es vital para enfrentar las adversidades econ\u00f3micas y buscar soluciones que beneficien tanto a los trabajadores como a la administraci\u00f3n p\u00fablica.<\/p>\n<p>El anuncio del aumento salarial del 7,5% por parte de Axel Kicillof es un paso importante en la b\u00fasqueda de equilibrar las necesidades de los trabajadores p\u00fablicos con las restricciones econ\u00f3micas actuales. La revisi\u00f3n acordada para junio ser\u00e1 fundamental para asegurar que las medidas adoptadas sigan siendo efectivas y ajustadas a la realidad inflacionaria.<\/p>\n<p>En un contexto de alta inflaci\u00f3n y desaf\u00edos econ\u00f3micos constantes, la colaboraci\u00f3n y el di\u00e1logo entre el gobierno provincial y los gremios ser\u00e1n esenciales para encontrar soluciones sostenibles que permitan a los empleados p\u00fablicos mantener su poder adquisitivo y contribuir al desarrollo de la provincia. La administraci\u00f3n de Kicillof y los representantes gremiales tienen la tarea de seguir trabajando juntos para enfrentar estos desaf\u00edos y asegurar la estabilidad laboral y econ\u00f3mica en Buenos Aires.<\/p>\n","protected":false},"excerpt":{"rendered":"<p>El Gobierno de la provincia de Buenos Aires, encabezado por Axel Kicillof, anunci\u00f3 un aumento salarial del 7,5% para el<\/p>\n","protected":false},"author":1,"featured_media":86373,"comment_status":"closed","ping_status":"closed","sticky":false,"template":"","format":"standard","meta":{"kia_subtitle":"El incremento, que afecta a docentes, personal de salud y trabajadores judiciales, se aplicar\u00e1 sobre los sueldos de mayo. La administraci\u00f3n de Kicillof tambi\u00e9n acord\u00f3 una revisi\u00f3n del acuerdo en junio, en el marco de las paritarias, buscando alcanzar un aumento acumulado del 59,2% en lo que va del a\u00f1o.","footnotes":"","jetpack_publicize_message":"","jetpack_publicize_feature_enabled":true,"jetpack_social_post_already_shared":true,"jetpack_social_options":{"image_generator_settings":{"template":"highway","default_image_id":0,"font":"","enabled":false},"version":2}},"categories":[3,56],"tags":[],"class_list":["post-105019","post","type-post","status-publish","format-standard","has-post-thumbnail","hentry","category-actualidad","category-buenos-aires"],"jetpack_publicize_connections":[],"jetpack_featured_media_url":"https:\/\/laurbedigital.com.ar\/noticias\/wp-content\/uploads\/2022\/12\/20221220-Gobernacion.jpg","_links":{"self":[{"href":"https:\/\/laurbedigital.com.ar\/noticias\/wp-json\/wp\/v2\/posts\/105019","targetHints":{"allow":["GET"]}}],"collection":[{"href":"https:\/\/laurbedigital.com.ar\/noticias\/wp-json\/wp\/v2\/posts"}],"about":[{"href":"https:\/\/laurbedigital.com.ar\/noticias\/wp-json\/wp\/v2\/types\/post"}],"author":[{"embeddable":true,"href":"https:\/\/laurbedigital.com.ar\/noticias\/wp-json\/wp\/v2\/users\/1"}],"replies":[{"embeddable":true,"href":"https:\/\/laurbedigital.com.ar\/noticias\/wp-json\/wp\/v2\/comments?post=105019"}],"version-history":[{"count":3,"href":"https:\/\/laurbedigital.com.ar\/noticias\/wp-json\/wp\/v2\/posts\/105019\/revisions"}],"predecessor-version":[{"id":105057,"href":"https:\/\/laurbedigital.com.ar\/noticias\/wp-json\/wp\/v2\/posts\/105019\/revisions\/105057"}],"wp:featuredmedia":[{"embeddable":true,"href":"https:\/\/laurbedigital.com.ar\/noticias\/wp-json\/wp\/v2\/media\/86373"}],"wp:attachment":[{"href":"https:\/\/laurbedigital.com.ar\/noticias\/wp-json\/wp\/v2\/media?parent=105019"}],"wp:term":[{"taxonomy":"category","embeddable":true,"href":"https:\/\/laurbedigital.com.ar\/noticias\/wp-json\/wp\/v2\/categories?post=105019"},{"taxonomy":"post_tag","embeddable":true,"href":"https:\/\/laurbedigital.com.ar\/noticias\/wp-json\/wp\/v2\/tags?post=105019"}],"curies":[{"name":"wp","href":"https:\/\/api.w.org\/{rel}","templated":true}]}}