{"id":104741,"date":"2024-05-09T02:18:11","date_gmt":"2024-05-09T05:18:11","guid":{"rendered":"https:\/\/laurbedigital.com.ar\/noticias\/?p=104741"},"modified":"2024-05-09T02:22:36","modified_gmt":"2024-05-09T05:22:36","slug":"absolucion-en-el-caso-candela-rodriguez-la-justicia-desestima-la-unica-hipotesis","status":"publish","type":"post","link":"https:\/\/laurbedigital.com.ar\/noticias\/2024\/05\/09\/absolucion-en-el-caso-candela-rodriguez-la-justicia-desestima-la-unica-hipotesis\/","title":{"rendered":"Absoluci\u00f3n en el caso Candela Rodr\u00edguez: La justicia desestima la \u00fanica hip\u00f3tesis"},"content":{"rendered":"<p>La justicia bonaerense ha emitido un fallo que reverbera con impacto en la memoria colectiva: nadie ser\u00e1 condenado por el crimen de Candela Rodr\u00edguez, la ni\u00f1a de 11 a\u00f1os cuya desaparici\u00f3n y posterior hallazgo sin vida estremeci\u00f3 a la comunidad en agosto de 2011. El veredicto, que absolvi\u00f3 a N\u00e9stor \u00abMameluco\u00bb Villalba y a los dem\u00e1s acusados, marca el cierre de una investigaci\u00f3n marcada por la incertidumbre y las teor\u00edas enfrentadas.<\/p>\n<p>Los hechos que rodearon la desaparici\u00f3n de Candela Rodr\u00edguez se convirtieron en un enigma que desafiaba los l\u00edmites de la comprensi\u00f3n. La tragedia se inici\u00f3 el 22 de agosto de 2011, cuando la ni\u00f1a desapareci\u00f3 de su hogar en Villa Tesei, desatando una b\u00fasqueda fren\u00e9tica que conmocion\u00f3 a la regi\u00f3n. Diez d\u00edas despu\u00e9s, el cruel desenlace: el cuerpo de Candela fue encontrado en un basurero, confirmando los peores temores y sumiendo a su familia en un dolor insondable.<\/p>\n<p>La investigaci\u00f3n, sin embargo, lejos de arrojar luz sobre el oscuro suceso, se sumi\u00f3 en la ambig\u00fcedad y la confusi\u00f3n. La teor\u00eda que cobr\u00f3 m\u00e1s fuerza apuntaba a una supuesta venganza vinculada al narcotr\u00e1fico, donde el padre de Candela, Alfredo \u00abJuancho\u00bb Rodr\u00edguez, era el blanco. En este contexto, N\u00e9stor \u00abMameluco\u00bb Villalba emergi\u00f3 como el principal sospechoso, enfrentando un segundo juicio por el crimen mientras cumpl\u00eda una condena por tr\u00e1fico de drogas.<\/p>\n<p>Sin embargo, el veredicto anunciado por el Tribunal en lo Criminal N\u00b0 6 del Departamento Judicial Mor\u00f3n rompi\u00f3 con las expectativas de quienes esperaban justicia para Candela. N\u00e9stor \u00abMameluco\u00bb Villalba y los dem\u00e1s acusados, incluyendo al informante policial H\u00e9ctor \u00abEl Topo\u00bb Moreira, al oficial de la Bonaerense Sergio Chazarreta y al carpintero N\u00e9stor Altamirano, fueron absueltos de toda responsabilidad en el crimen.<\/p>\n<p>La fiscal\u00eda, encabezada por Mario Ferrario, hab\u00eda presentado una s\u00f3lida acusaci\u00f3n, se\u00f1alando a todos los imputados excepto a Altamirano, quien fue descrito como alguien que proporcionaba alimentos a Candela mientras estaba secuestrada. No obstante, los jueces del tribunal no encontraron suficientes pruebas para respaldar las acusaciones, cuestionando la consistencia y veracidad de las evidencias presentadas.<\/p>\n<p>El fallo, emitido por los jueces Alejandro Omar Rodr\u00edguez Rey, Cristian Adri\u00e1n Toto y Mariana Maldonado, desmantela la narrativa de la fiscal\u00eda, destacando las irregularidades y la falta de pruebas contundentes. Se\u00f1alan que la investigaci\u00f3n se aferr\u00f3 a una l\u00ednea de pesquisa que, pese a su falta de sustento probatorio, desestim\u00f3 otras v\u00edas de investigaci\u00f3n v\u00e1lidas.<\/p>\n<p>El caso Candela Rodr\u00edguez ha dejado un amargo sabor de impunidad en la sociedad, alimentando la sensaci\u00f3n de que la justicia ha sido esquiva una vez m\u00e1s. La memoria de la ni\u00f1a, cuya vida fue truncada de manera injusta, seguir\u00e1 siendo un recordatorio de las fallas y los desaf\u00edos del sistema judicial. Mientras tanto, la b\u00fasqueda de respuestas y la esperanza de encontrar la verdad permanecer\u00e1n como una llama fr\u00e1gil pero persistente en el coraz\u00f3n de aquellos que no est\u00e1n dispuestos a olvidar.<\/p>\n","protected":false},"excerpt":{"rendered":"<p>La justicia bonaerense ha emitido un fallo que reverbera con impacto en la memoria colectiva: nadie ser\u00e1 condenado por el<\/p>\n","protected":false},"author":1,"featured_media":29726,"comment_status":"closed","ping_status":"closed","sticky":false,"template":"","format":"standard","meta":{"kia_subtitle":"N\u00e9stor \"Mameluco\" Villalba y los dem\u00e1s acusados fueron absueltos en el caso de la desaparici\u00f3n y muerte de Candela Rodr\u00edguez. La investigaci\u00f3n, basada en una presunta venganza vinculada al narcotr\u00e1fico, no obtuvo suficientes pruebas para condenar a los implicados.","footnotes":"","jetpack_publicize_message":"","jetpack_publicize_feature_enabled":true,"jetpack_social_post_already_shared":true,"jetpack_social_options":{"image_generator_settings":{"template":"highway","default_image_id":0,"font":"","enabled":false},"version":2}},"categories":[8],"tags":[],"class_list":["post-104741","post","type-post","status-publish","format-standard","has-post-thumbnail","hentry","category-policiales"],"jetpack_publicize_connections":[],"jetpack_featured_media_url":"https:\/\/laurbedigital.com.ar\/noticias\/wp-content\/uploads\/2020\/06\/20200629-candela.jpg","_links":{"self":[{"href":"https:\/\/laurbedigital.com.ar\/noticias\/wp-json\/wp\/v2\/posts\/104741","targetHints":{"allow":["GET"]}}],"collection":[{"href":"https:\/\/laurbedigital.com.ar\/noticias\/wp-json\/wp\/v2\/posts"}],"about":[{"href":"https:\/\/laurbedigital.com.ar\/noticias\/wp-json\/wp\/v2\/types\/post"}],"author":[{"embeddable":true,"href":"https:\/\/laurbedigital.com.ar\/noticias\/wp-json\/wp\/v2\/users\/1"}],"replies":[{"embeddable":true,"href":"https:\/\/laurbedigital.com.ar\/noticias\/wp-json\/wp\/v2\/comments?post=104741"}],"version-history":[{"count":3,"href":"https:\/\/laurbedigital.com.ar\/noticias\/wp-json\/wp\/v2\/posts\/104741\/revisions"}],"predecessor-version":[{"id":104744,"href":"https:\/\/laurbedigital.com.ar\/noticias\/wp-json\/wp\/v2\/posts\/104741\/revisions\/104744"}],"wp:featuredmedia":[{"embeddable":true,"href":"https:\/\/laurbedigital.com.ar\/noticias\/wp-json\/wp\/v2\/media\/29726"}],"wp:attachment":[{"href":"https:\/\/laurbedigital.com.ar\/noticias\/wp-json\/wp\/v2\/media?parent=104741"}],"wp:term":[{"taxonomy":"category","embeddable":true,"href":"https:\/\/laurbedigital.com.ar\/noticias\/wp-json\/wp\/v2\/categories?post=104741"},{"taxonomy":"post_tag","embeddable":true,"href":"https:\/\/laurbedigital.com.ar\/noticias\/wp-json\/wp\/v2\/tags?post=104741"}],"curies":[{"name":"wp","href":"https:\/\/api.w.org\/{rel}","templated":true}]}}