{"id":104680,"date":"2024-05-07T00:08:17","date_gmt":"2024-05-07T03:08:17","guid":{"rendered":"https:\/\/laurbedigital.com.ar\/noticias\/?p=104680"},"modified":"2024-05-06T23:48:54","modified_gmt":"2024-05-07T02:48:54","slug":"dia-nacional-del-taxista-en-argentina","status":"publish","type":"post","link":"https:\/\/laurbedigital.com.ar\/noticias\/2024\/05\/07\/dia-nacional-del-taxista-en-argentina\/","title":{"rendered":"D\u00eda Nacional del Taxista en Argentina"},"content":{"rendered":"<p data-sourcepos=\"9:1-9:259\">Cada 7 de mayo, Argentina conmemora el D\u00eda Nacional del Taxista, una fecha instituida para honrar la labor fundamental de estos trabajadores del volante que, con su profesionalismo y dedicaci\u00f3n, forman parte esencial del entramado social y econ\u00f3mico del pa\u00eds.<\/p>\n<p data-sourcepos=\"13:1-13:398\">La historia del D\u00eda del Taxista en Argentina se remonta al a\u00f1o 1950, cuando se estableci\u00f3 el primer convenio colectivo de trabajo para la actividad. Sin embargo, la elecci\u00f3n del 7 de mayo como fecha conmemorativa tiene un significado a\u00fan m\u00e1s profundo. Coincide con el nacimiento de Eva Duarte de Per\u00f3n, quien jug\u00f3 un papel crucial en la fundaci\u00f3n del Sindicato de Taxistas Argentinos ese mismo a\u00f1o.<\/p>\n<p data-sourcepos=\"15:1-15:312\">Eva Per\u00f3n, cari\u00f1osamente conocida como Evita, reconoci\u00f3 la importancia del trabajo de los taxistas y abog\u00f3 por la mejora de sus condiciones laborales. Su compromiso con este sector qued\u00f3 plasmado en la creaci\u00f3n del sindicato, que brind\u00f3 a los trabajadores una voz y representaci\u00f3n en la b\u00fasqueda de sus derechos.<\/p>\n<p data-sourcepos=\"17:1-17:238\">A\u00f1os m\u00e1s tarde, en 1989, se oficializ\u00f3 el D\u00eda Nacional del Taxista mediante la Resoluci\u00f3n 67\/1989. Desde entonces, cada 7 de mayo se rinde homenaje a estos hombres y mujeres que, con su esfuerzo diario, contribuyen al desarrollo del pa\u00eds.<\/p>\n<h4 data-sourcepos=\"19:1-19:63\"><strong>Los taxistas: protagonistas esenciales de la vida cotidiana<\/strong><\/h4>\n<p data-sourcepos=\"21:1-21:264\">Los taxistas son m\u00e1s que simples conductores; son testigos de la historia, confidentes de pasajeros y protagonistas de la vida cotidiana. Recorren las calles de las ciudades y pueblos, transportando personas a sus destinos, llevando mensajes, sue\u00f1os y esperanzas.<\/p>\n<p data-sourcepos=\"23:1-23:248\">Su trabajo no siempre es f\u00e1cil. Deben enfrentar largas jornadas, condiciones clim\u00e1ticas adversas y, en ocasiones, situaciones de riesgo. Sin embargo, mantienen un esp\u00edritu de servicio y una vocaci\u00f3n inquebrantable que los impulsa a seguir adelante.<\/p>\n<h4 data-sourcepos=\"25:1-25:38\"><strong>Un reconocimiento m\u00e1s que merecido<\/strong><\/h4>\n<p data-sourcepos=\"27:1-27:252\">En el D\u00eda Nacional del Taxista, es importante reconocer la valiosa contribuci\u00f3n de estos trabajadores al bienestar de la sociedad. Su labor, a menudo subestimada, es fundamental para el funcionamiento de las ciudades y el desarrollo econ\u00f3mico del pa\u00eds.<\/p>\n<p data-sourcepos=\"29:1-29:240\">En este d\u00eda, se invita a la comunidad a reflexionar sobre la importancia del trabajo de los taxistas y a valorar su esfuerzo y dedicaci\u00f3n. Es un momento para agradecerles su servicio y desearles un futuro pr\u00f3spero y lleno de satisfacciones.<\/p>\n<p data-sourcepos=\"33:1-33:253\">El D\u00eda Nacional del Taxista es un tributo a esos h\u00e9roes del volante que, con su trabajo incansable, tejen la trama del d\u00eda a d\u00eda en Argentina. Su labor, marcada por la entrega y el compromiso, merece el reconocimiento y la gratitud de toda la sociedad.<\/p>\n<p data-sourcepos=\"35:1-35:149\">En este d\u00eda especial, honramos a los taxistas, esos faros que iluminan las calles y gu\u00edan a los pasajeros hacia sus destinos. \u00a1Feliz D\u00eda del Taxista!<\/p>\n","protected":false},"excerpt":{"rendered":"<p>Cada 7 de mayo, Argentina conmemora el D\u00eda Nacional del Taxista, una fecha instituida para honrar la labor fundamental de<\/p>\n","protected":false},"author":1,"featured_media":104681,"comment_status":"closed","ping_status":"closed","sticky":false,"template":"","format":"standard","meta":{"kia_subtitle":"Un d\u00eda para reconocer la labor incansable de los taxistas, quienes d\u00eda a d\u00eda recorren las calles argentinas, conectando personas y moviendo el pulso de la naci\u00f3n.","footnotes":"","jetpack_publicize_message":"","jetpack_publicize_feature_enabled":true,"jetpack_social_post_already_shared":true,"jetpack_social_options":{"image_generator_settings":{"template":"highway","default_image_id":0,"font":"","enabled":false},"version":2}},"categories":[5,2594],"tags":[],"class_list":["post-104680","post","type-post","status-publish","format-standard","has-post-thumbnail","hentry","category-cultura","category-efemerides"],"jetpack_publicize_connections":[],"jetpack_featured_media_url":"https:\/\/laurbedigital.com.ar\/noticias\/wp-content\/uploads\/2024\/05\/20240507-Dia-del-taxista.jpg","_links":{"self":[{"href":"https:\/\/laurbedigital.com.ar\/noticias\/wp-json\/wp\/v2\/posts\/104680","targetHints":{"allow":["GET"]}}],"collection":[{"href":"https:\/\/laurbedigital.com.ar\/noticias\/wp-json\/wp\/v2\/posts"}],"about":[{"href":"https:\/\/laurbedigital.com.ar\/noticias\/wp-json\/wp\/v2\/types\/post"}],"author":[{"embeddable":true,"href":"https:\/\/laurbedigital.com.ar\/noticias\/wp-json\/wp\/v2\/users\/1"}],"replies":[{"embeddable":true,"href":"https:\/\/laurbedigital.com.ar\/noticias\/wp-json\/wp\/v2\/comments?post=104680"}],"version-history":[{"count":1,"href":"https:\/\/laurbedigital.com.ar\/noticias\/wp-json\/wp\/v2\/posts\/104680\/revisions"}],"predecessor-version":[{"id":104682,"href":"https:\/\/laurbedigital.com.ar\/noticias\/wp-json\/wp\/v2\/posts\/104680\/revisions\/104682"}],"wp:featuredmedia":[{"embeddable":true,"href":"https:\/\/laurbedigital.com.ar\/noticias\/wp-json\/wp\/v2\/media\/104681"}],"wp:attachment":[{"href":"https:\/\/laurbedigital.com.ar\/noticias\/wp-json\/wp\/v2\/media?parent=104680"}],"wp:term":[{"taxonomy":"category","embeddable":true,"href":"https:\/\/laurbedigital.com.ar\/noticias\/wp-json\/wp\/v2\/categories?post=104680"},{"taxonomy":"post_tag","embeddable":true,"href":"https:\/\/laurbedigital.com.ar\/noticias\/wp-json\/wp\/v2\/tags?post=104680"}],"curies":[{"name":"wp","href":"https:\/\/api.w.org\/{rel}","templated":true}]}}