{"id":1046,"date":"2016-02-10T14:10:45","date_gmt":"2016-02-10T17:10:45","guid":{"rendered":"http:\/\/laurbedigital.com.ar\/noticias\/?p=1046"},"modified":"2016-02-10T14:10:45","modified_gmt":"2016-02-10T17:10:45","slug":"la-ficcion-coreana-llega-a-las-tardes-argentinas","status":"publish","type":"post","link":"https:\/\/laurbedigital.com.ar\/noticias\/2016\/02\/10\/la-ficcion-coreana-llega-a-las-tardes-argentinas\/","title":{"rendered":"La ficci\u00f3n coreana llega a las tardes argentinas"},"content":{"rendered":"<p>A partir de hoy a las 15, Telef\u00e9 proyectar\u00e1 \u00abEscalera al cielo\u00bb, la novela que fue furor en todo el mundo, con adaptaciones en m\u00e1s de 24 pa\u00edses. Despu\u00e9s del fen\u00f3meno de \u201cAvenida Brasil\u201d, la TV nacional apuesta nuevamente a las series extranjeras para acaparar con un nuevo culebr\u00f3n la mayor cantidad de rating en las siestas de verano.<\/p>\n<p>Escalera al cielo\u00bb, popular telenovela surcoreana puesta al aire en 2003 por la se\u00f1al Seoul Broadcasting System -emitida en m\u00e1s de veinte pa\u00edses-, y que narra la tortuosa historia de amor entre dos amigos de la infancia, desembarcar\u00e1 esta tarde en la pantalla de Telef\u00e9, apostando a quedarse tambi\u00e9n con el p\u00fablico amante de los culebrones, pero vespertino.<\/p>\n<p>Encabezada por Choi Ji Woo y Kwon Sang Woo, la tira que se suma a la oleada de novelas extranjeras que fueron suceso en la emisora con \u00abAvenida Brasil\u00bb como punta de lanza y las turcas \u00abEzel\u00bb, \u00abKaradayi\u00bb y \u00abQu\u00e9 culpa tiene Fatmagul?\u00bb, marcar\u00e1 el desembarco local de las llamadas \u00abK-Drama\u00bb (telenovelas coreanas) que son furor en todo el mundo.<\/p>\n<p>El elenco de la tira, exponente de la llamada \u00abOla coreana\u00bb o \u00abHallyu\u00bb -t\u00e9rmino que hace referencia al fanatismo frente a los consumos culturales de Corea del Sur y que comenz\u00f3, precisamente, con la exportaci\u00f3n de dramas televisivos- se completa con Shin Hyun Joon, Kim Tae Hee, Lee Hwi Hyang y Ha Jae Young.<\/p>\n<p>\u00abEscalera al cielo\u00bb, que fue emitida ya en m\u00e1s de 24 pa\u00edses entre Latinoam\u00e9rica y el resto del mundo, cuenta la historia de Song Joo, destacado pianista y heredero de Grupo Global, una empresa millonaria, y Jung Suh, \u00fanica hija del arquitecto que construy\u00f3 los edificios de esa firma, dos amigos de infancia que comparten un destino similar: \u00e9l perdi\u00f3 a su padre y ella a su madre.<\/p>\n<p>Todo cambia cuando el padre de la ni\u00f1a se casa con una famosa actriz y modelo coreana, quien trae consigo a sus hijos, la ambiciosa Yu Ri y al irracional pintor Tae Hwa quien se enamora perdidamente de su hermanastra.<br \/>\nPero los destinos de los protagonistas se bifurcan cuando \u00e9l se va a estudiar al extranjero y, a su regreso, se enfrenta con la triste noticia de que Jung Suh perdi\u00f3 la memoria en un accidente automovil\u00edstico.<\/p>\n<p>Ficci\u00f3n vs. Far\u00e1ndula parece ser \u2013por ahora-, la pelea del rating entre los canales con m\u00e1s platea del pa\u00eds-, sumando ahora una nueva alternativa, con esta serie que ya fue adaptada en China, Filipinas, Indonesia y -se prev\u00e9, para 2018- Estados Unidos.<\/p>\n","protected":false},"excerpt":{"rendered":"<p>A partir de hoy a las 15, Telef\u00e9 proyectar\u00e1 \u00abEscalera al cielo\u00bb, la novela que fue furor en todo el<\/p>\n","protected":false},"author":1,"featured_media":1047,"comment_status":"closed","ping_status":"closed","sticky":false,"template":"","format":"standard","meta":{"kia_subtitle":"","footnotes":"","jetpack_publicize_message":"","jetpack_publicize_feature_enabled":true,"jetpack_social_post_already_shared":false,"jetpack_social_options":{"image_generator_settings":{"template":"highway","default_image_id":0,"font":"","enabled":false},"version":2}},"categories":[5],"tags":[],"class_list":["post-1046","post","type-post","status-publish","format-standard","has-post-thumbnail","hentry","category-cultura"],"jetpack_publicize_connections":[],"jetpack_featured_media_url":"https:\/\/laurbedigital.com.ar\/noticias\/wp-content\/uploads\/2016\/02\/20160210-espectaculo.jpg","_links":{"self":[{"href":"https:\/\/laurbedigital.com.ar\/noticias\/wp-json\/wp\/v2\/posts\/1046","targetHints":{"allow":["GET"]}}],"collection":[{"href":"https:\/\/laurbedigital.com.ar\/noticias\/wp-json\/wp\/v2\/posts"}],"about":[{"href":"https:\/\/laurbedigital.com.ar\/noticias\/wp-json\/wp\/v2\/types\/post"}],"author":[{"embeddable":true,"href":"https:\/\/laurbedigital.com.ar\/noticias\/wp-json\/wp\/v2\/users\/1"}],"replies":[{"embeddable":true,"href":"https:\/\/laurbedigital.com.ar\/noticias\/wp-json\/wp\/v2\/comments?post=1046"}],"version-history":[{"count":1,"href":"https:\/\/laurbedigital.com.ar\/noticias\/wp-json\/wp\/v2\/posts\/1046\/revisions"}],"predecessor-version":[{"id":1048,"href":"https:\/\/laurbedigital.com.ar\/noticias\/wp-json\/wp\/v2\/posts\/1046\/revisions\/1048"}],"wp:featuredmedia":[{"embeddable":true,"href":"https:\/\/laurbedigital.com.ar\/noticias\/wp-json\/wp\/v2\/media\/1047"}],"wp:attachment":[{"href":"https:\/\/laurbedigital.com.ar\/noticias\/wp-json\/wp\/v2\/media?parent=1046"}],"wp:term":[{"taxonomy":"category","embeddable":true,"href":"https:\/\/laurbedigital.com.ar\/noticias\/wp-json\/wp\/v2\/categories?post=1046"},{"taxonomy":"post_tag","embeddable":true,"href":"https:\/\/laurbedigital.com.ar\/noticias\/wp-json\/wp\/v2\/tags?post=1046"}],"curies":[{"name":"wp","href":"https:\/\/api.w.org\/{rel}","templated":true}]}}