{"id":10441,"date":"2017-12-18T15:46:12","date_gmt":"2017-12-18T18:46:12","guid":{"rendered":"http:\/\/laurbedigital.com.ar\/noticias\/?p=10441"},"modified":"2017-12-18T15:46:12","modified_gmt":"2017-12-18T18:46:12","slug":"marcelo-miraglia-se-prensentara-teatro-del-municipio-lomas","status":"publish","type":"post","link":"https:\/\/laurbedigital.com.ar\/noticias\/2017\/12\/18\/marcelo-miraglia-se-prensentara-teatro-del-municipio-lomas\/","title":{"rendered":"Marcelo Miraglia se prensentar\u00e1 en Teatro del Municipio de Lomas"},"content":{"rendered":"<p class=\"text-justify\">El cantante de folklore surero Marcelo Miraglia se presentar\u00e1 el viernes 22 de diciembre a las 21 hs con entrada gratuita en el Teatro del Municipio de Lomas de Zamora.<\/p>\n<p>Marcelo Miraglia es cantor y compositor argentino, representante de la M\u00fasica folkl\u00f3rica de Argentina, dentro del g\u00e9nero m\u00fasica surera. Aunque su predilecci\u00f3n por la m\u00fasica surera se remonta a sus primeros a\u00f1os de edad, interpretando sus primeras milongas, zambas, valses, huellas y dem\u00e1s ritmos vinculados a ese estilo, su carrera art\u00edstica tiene comienzo un 25 de mayo de 1993, oportunidad en la cual comparte por primera vez escenario con el guitarrista Daniel Dalia, su inseparable compa\u00f1ero, el \u201chermano que le regalo la vida\u201d.<\/p>\n<p>Fiel al estilo surero, y ratificando una vieja tradici\u00f3n del estilo, en cada presentaci\u00f3n interact\u00faa con el p\u00fablico a trav\u00e9s de la Milonga Floreada, otorgando a los asistentes la posibilidad de expresarse con un floreo, entreverado en sus versos y a la par de sus guitarras. Su m\u00fasica ha tenido una amplia repercusi\u00f3n nacional a trav\u00e9s de diversas emisiones radiales y televisivas del pa\u00eds, participando de los programas de difusi\u00f3n del tradicionalismo argentino m\u00e1s emblem\u00e1ticos como &#8216;Folclor\u00edsimo&#8217; de Carlos Giacchetti, &#8216;Jineteando&#8217; (Canal 9), &#8216;Alma Gaucha&#8217; (Canal 9 \/ CN23), &#8216;Pampean\u00eda&#8217; de Juan Antonio M\u00e1rquez, entre muchos otros.<\/p>\n<p>A lo largo de su carrera ha recibido diversas menciones, distinciones y premios. Dentro de los m\u00e1s importantes se destaca haber sido ternado en tres oportunidades consecutivas para los premios \u201cSantos Vega\u201d, obteniendo finalmente la distinci\u00f3n \u201cSantos Vega de Plata\u201d al \u201cMejor Int\u00e9rprete Masculino de M\u00fasica Surera\u201d (2007), \u00faltima oportunidad en la cual se otorgara esa distinci\u00f3n.<\/p>\n<p>M\u00e1s cerca, en 2016, recibe en primer t\u00e9rmino el premio &#8216;Apacheta&#8217; como difusor del folclore nacional y la cultura de los pueblos originarios y el premio &#8216;Revelaci\u00f3n del Festival&#8217;? que entrega el Comit\u00e9 Organizador del Festival de Doma y Folclore de Olavarr\u00eda, el festival m\u00e1s importante del g\u00e9nero folcl\u00f3rico de la Provincia de Buenos Aires.<\/p>\n<p>Las entradas se retiran de forma gratuita en boleter\u00eda del Teatro, Manuel Castro 262, de 8 a 20 hs o fines de semana de 10 a 20 hs.<\/p>\n","protected":false},"excerpt":{"rendered":"<p>El cantante de folklore surero Marcelo Miraglia se presentar\u00e1 el viernes 22 de diciembre a las 21 hs con entrada<\/p>\n","protected":false},"author":1,"featured_media":10442,"comment_status":"closed","ping_status":"closed","sticky":false,"template":"","format":"standard","meta":{"kia_subtitle":"","footnotes":"","jetpack_publicize_message":"","jetpack_publicize_feature_enabled":true,"jetpack_social_post_already_shared":true,"jetpack_social_options":{"image_generator_settings":{"template":"highway","default_image_id":0,"font":"","enabled":false},"version":2}},"categories":[13,36],"tags":[110],"class_list":["post-10441","post","type-post","status-publish","format-standard","has-post-thumbnail","hentry","category-region","category-lomas","tag-lomas-de-zamora"],"jetpack_publicize_connections":[],"jetpack_featured_media_url":"https:\/\/laurbedigital.com.ar\/noticias\/wp-content\/uploads\/2017\/12\/20171218-region.jpg","_links":{"self":[{"href":"https:\/\/laurbedigital.com.ar\/noticias\/wp-json\/wp\/v2\/posts\/10441","targetHints":{"allow":["GET"]}}],"collection":[{"href":"https:\/\/laurbedigital.com.ar\/noticias\/wp-json\/wp\/v2\/posts"}],"about":[{"href":"https:\/\/laurbedigital.com.ar\/noticias\/wp-json\/wp\/v2\/types\/post"}],"author":[{"embeddable":true,"href":"https:\/\/laurbedigital.com.ar\/noticias\/wp-json\/wp\/v2\/users\/1"}],"replies":[{"embeddable":true,"href":"https:\/\/laurbedigital.com.ar\/noticias\/wp-json\/wp\/v2\/comments?post=10441"}],"version-history":[{"count":1,"href":"https:\/\/laurbedigital.com.ar\/noticias\/wp-json\/wp\/v2\/posts\/10441\/revisions"}],"predecessor-version":[{"id":10443,"href":"https:\/\/laurbedigital.com.ar\/noticias\/wp-json\/wp\/v2\/posts\/10441\/revisions\/10443"}],"wp:featuredmedia":[{"embeddable":true,"href":"https:\/\/laurbedigital.com.ar\/noticias\/wp-json\/wp\/v2\/media\/10442"}],"wp:attachment":[{"href":"https:\/\/laurbedigital.com.ar\/noticias\/wp-json\/wp\/v2\/media?parent=10441"}],"wp:term":[{"taxonomy":"category","embeddable":true,"href":"https:\/\/laurbedigital.com.ar\/noticias\/wp-json\/wp\/v2\/categories?post=10441"},{"taxonomy":"post_tag","embeddable":true,"href":"https:\/\/laurbedigital.com.ar\/noticias\/wp-json\/wp\/v2\/tags?post=10441"}],"curies":[{"name":"wp","href":"https:\/\/api.w.org\/{rel}","templated":true}]}}