{"id":104218,"date":"2024-04-20T04:43:32","date_gmt":"2024-04-20T07:43:32","guid":{"rendered":"https:\/\/laurbedigital.com.ar\/noticias\/?p=104218"},"modified":"2024-04-20T04:53:10","modified_gmt":"2024-04-20T07:53:10","slug":"revelacion-sobre-el-parkinson-sintoma-clave-20-anos-antes-del-diagnostico","status":"publish","type":"post","link":"https:\/\/laurbedigital.com.ar\/noticias\/2024\/04\/20\/revelacion-sobre-el-parkinson-sintoma-clave-20-anos-antes-del-diagnostico\/","title":{"rendered":"Revelaci\u00f3n sobre el Parkinson: S\u00edntoma clave 20 a\u00f1os antes del diagn\u00f3stico"},"content":{"rendered":"<div class=\"flex-1 overflow-hidden\">\n<div class=\"react-scroll-to-bottom--css-jwtgl-79elbk h-full\">\n<div class=\"react-scroll-to-bottom--css-jwtgl-1n7m0yu\">\n<div class=\"flex flex-col text-sm pb-9\">\n<div class=\"w-full text-token-text-primary\" dir=\"auto\" data-testid=\"conversation-turn-33\">\n<div class=\"px-4 py-2 justify-center text-base md:gap-6 m-auto\">\n<div class=\"flex flex-1 text-base mx-auto gap-3 juice:gap-4 juice:md:gap-6 md:px-5 lg:px-1 xl:px-5 md:max-w-3xl lg:max-w-[40rem] xl:max-w-[48rem]\">\n<div class=\"relative flex w-full flex-col agent-turn\">\n<div class=\"flex-col gap-1 md:gap-3\">\n<div class=\"flex flex-grow flex-col max-w-full\">\n<div class=\"min-h-[20px] text-message flex flex-col items-start gap-3 whitespace-pre-wrap break-words [.text-message+&amp;]:mt-5 overflow-x-auto\" dir=\"auto\" data-message-author-role=\"assistant\" data-message-id=\"b36dc9ff-711a-4051-a7fa-2a8bb182bbe3\">\n<div class=\"markdown prose w-full break-words dark:prose-invert light\">\n<p>Expertos revelan que el sentido del olfato puede ser el primer indicio de Parkinson mucho antes de que aparezcan los s\u00edntomas motores. Una alerta para una detecci\u00f3n temprana y tratamiento adecuado.<\/p>\n<p>El Parkinson, una enfermedad neurol\u00f3gica que impacta los movimientos debido a la degeneraci\u00f3n de c\u00e9lulas cerebrales, guarda un secreto en el sentido del olfato. Especialistas han identificado que la p\u00e9rdida o alteraci\u00f3n del olfato puede manifestarse hasta 20 a\u00f1os antes de que se presenten los s\u00edntomas motores caracter\u00edsticos.<\/p>\n<p>El Parkinson, conocido por sus s\u00edntomas motores como temblores, rigidez y disminuci\u00f3n del movimiento, tambi\u00e9n presenta manifestaciones no motoras que han cobrado relevancia en la detecci\u00f3n temprana.<\/p>\n<p>Entre estos s\u00edntomas, la constipaci\u00f3n, la depresi\u00f3n y los trastornos del sue\u00f1o han sido se\u00f1alados como indicadores. Sin embargo, un s\u00edntoma sorprendente se suma a la lista: la p\u00e9rdida de olfato.<\/p>\n<p>La doctora Stella Maris Cuevas, experta en olfato y alergias, explica que los problemas en el olfato, especialmente la hiposmia (disminuci\u00f3n del olfato), pueden ser una se\u00f1al temprana de Parkinson. Este s\u00edntoma, a menudo pasado por alto, puede preceder a los s\u00edntomas motores en d\u00e9cadas.<\/p>\n<p>\u00abLa alteraci\u00f3n del olfato puede ser leve, moderada o grave, y puede manifestarse hasta 20 a\u00f1os antes de que los s\u00edntomas motores se hagan evidentes\u00bb, afirma la doctora Cuevas.<\/p>\n<p>A trav\u00e9s de pruebas de olfato (olfatometr\u00eda), es posible realizar un diagn\u00f3stico precoz que permita al paciente conocer su condici\u00f3n y recibir el tratamiento adecuado para una mejor calidad de vida. Este enfoque de detecci\u00f3n temprana es clave, ya que actualmente no existe una cura para el Parkinson, pero los tratamientos pueden mejorar significativamente los s\u00edntomas y la calidad de vida de los pacientes.<\/p>\n<p>La importancia de los estudios del olfato como marcador de enfermedades neurodegenerativas ha ganado terreno en la comunidad cient\u00edfica. No solo en el Parkinson, sino tambi\u00e9n en enfermedades como el Alzheimer, donde las alteraciones olfativas pueden ser un indicador precoz de la enfermedad.<\/p>\n<p>El Parkinson, una enfermedad compleja que afecta a millones en todo el mundo, presenta un nuevo indicio para su detecci\u00f3n temprana: la p\u00e9rdida del sentido del olfato. Este s\u00edntoma, a menudo subestimado, puede ser una se\u00f1al crucial que aparece d\u00e9cadas antes de que los temblores y la rigidez se manifiesten.<\/p>\n<p>La investigaci\u00f3n en el campo del olfato ofrece una ventana para un diagn\u00f3stico anticipado y un tratamiento m\u00e1s efectivo. Detectar el Parkinson en sus etapas iniciales, incluso antes de los s\u00edntomas motores, podr\u00eda marcar la diferencia en la calidad de vida de quienes lo padecen.<\/p>\n<p>La ciencia avanza, y con ella la esperanza de una mejor comprensi\u00f3n y manejo de enfermedades como el Parkinson. La detecci\u00f3n temprana es la llave para abrir la puerta hacia un tratamiento m\u00e1s efectivo y una vida m\u00e1s plena para quienes conviven con esta condici\u00f3n neurodegenerativa.<\/p>\n<\/div>\n<\/div>\n<\/div>\n<\/div>\n<\/div>\n<\/div>\n<\/div>\n<\/div>\n<\/div>\n<\/div>\n<\/div>\n<\/div>\n","protected":false},"excerpt":{"rendered":"<p>Expertos revelan que el sentido del olfato puede ser el primer indicio de Parkinson mucho antes de que aparezcan los<\/p>\n","protected":false},"author":1,"featured_media":93091,"comment_status":"closed","ping_status":"closed","sticky":false,"template":"","format":"standard","meta":{"kia_subtitle":"Expertos revelan que el sentido del olfato puede ser el primer indicio de Parkinson mucho antes de que aparezcan los s\u00edntomas motores. Una alerta para una detecci\u00f3n temprana y tratamiento adecuado.","footnotes":"","jetpack_publicize_message":"","jetpack_publicize_feature_enabled":true,"jetpack_social_post_already_shared":true,"jetpack_social_options":{"image_generator_settings":{"template":"highway","default_image_id":0,"font":"","enabled":false},"version":2}},"categories":[15,70],"tags":[],"class_list":["post-104218","post","type-post","status-publish","format-standard","has-post-thumbnail","hentry","category-tendencias","category-salud"],"jetpack_publicize_connections":[],"jetpack_featured_media_url":"https:\/\/laurbedigital.com.ar\/noticias\/wp-content\/uploads\/2023\/06\/20230629-alzheimer.jpg","_links":{"self":[{"href":"https:\/\/laurbedigital.com.ar\/noticias\/wp-json\/wp\/v2\/posts\/104218","targetHints":{"allow":["GET"]}}],"collection":[{"href":"https:\/\/laurbedigital.com.ar\/noticias\/wp-json\/wp\/v2\/posts"}],"about":[{"href":"https:\/\/laurbedigital.com.ar\/noticias\/wp-json\/wp\/v2\/types\/post"}],"author":[{"embeddable":true,"href":"https:\/\/laurbedigital.com.ar\/noticias\/wp-json\/wp\/v2\/users\/1"}],"replies":[{"embeddable":true,"href":"https:\/\/laurbedigital.com.ar\/noticias\/wp-json\/wp\/v2\/comments?post=104218"}],"version-history":[{"count":1,"href":"https:\/\/laurbedigital.com.ar\/noticias\/wp-json\/wp\/v2\/posts\/104218\/revisions"}],"predecessor-version":[{"id":104219,"href":"https:\/\/laurbedigital.com.ar\/noticias\/wp-json\/wp\/v2\/posts\/104218\/revisions\/104219"}],"wp:featuredmedia":[{"embeddable":true,"href":"https:\/\/laurbedigital.com.ar\/noticias\/wp-json\/wp\/v2\/media\/93091"}],"wp:attachment":[{"href":"https:\/\/laurbedigital.com.ar\/noticias\/wp-json\/wp\/v2\/media?parent=104218"}],"wp:term":[{"taxonomy":"category","embeddable":true,"href":"https:\/\/laurbedigital.com.ar\/noticias\/wp-json\/wp\/v2\/categories?post=104218"},{"taxonomy":"post_tag","embeddable":true,"href":"https:\/\/laurbedigital.com.ar\/noticias\/wp-json\/wp\/v2\/tags?post=104218"}],"curies":[{"name":"wp","href":"https:\/\/api.w.org\/{rel}","templated":true}]}}