{"id":104092,"date":"2024-04-15T23:44:39","date_gmt":"2024-04-16T02:44:39","guid":{"rendered":"https:\/\/laurbedigital.com.ar\/noticias\/?p=104092"},"modified":"2024-04-15T21:09:44","modified_gmt":"2024-04-16T00:09:44","slug":"volkswagen-prioriza-brasil-y-posterga-inversiones-en-argentina","status":"publish","type":"post","link":"https:\/\/laurbedigital.com.ar\/noticias\/2024\/04\/15\/volkswagen-prioriza-brasil-y-posterga-inversiones-en-argentina\/","title":{"rendered":"Volkswagen prioriza Brasil y posterga inversiones en Argentina"},"content":{"rendered":"<p>La industria automotriz argentina enfrenta desaf\u00edos sin precedentes. A pesar de un repunte en la producci\u00f3n el a\u00f1o pasado, los \u00faltimos datos muestran una ca\u00edda preocupante, lo que ha llevado a Volkswagen a tomar una decisi\u00f3n dr\u00e1stica: no reanudar la producci\u00f3n en Argentina y dirigir sus inversiones hacia Brasil.<\/p>\n<p>La medida de Volkswagen refleja la dif\u00edcil situaci\u00f3n econ\u00f3mica y pol\u00edtica que atraviesa el pa\u00eds, con una industria automotriz que registra los peores n\u00fameros en ventas de los \u00faltimos 20 a\u00f1os. La planta de General Pacheco permanece inactiva y sin perspectivas de retorno a corto plazo, mientras la incertidumbre afecta a toda la industria.<\/p>\n<p>A pesar de este panorama desalentador, algunas empresas del sector logran sostenerse gracias a las exportaciones, especialmente al mercado brasile\u00f1o. Volkswagen ha anunciado una inversi\u00f3n millonaria en Brasil para la producci\u00f3n de nuevos modelos, priorizando un ambiente m\u00e1s estable y favorable para sus operaciones.<\/p>\n<p>El proyecto Tarok, originalmente planeado para la planta argentina, ser\u00e1 trasladado a Brasil, mientras que la producci\u00f3n de la pick-up Amarok continuar\u00e1 en Argentina. Esta decisi\u00f3n resalta la preferencia de Volkswagen por invertir en un entorno m\u00e1s predecible y rentable, dejando en suspenso sus planes para Argentina.<\/p>\n<p>En Argentina, la situaci\u00f3n es cr\u00edtica. Con plantas paralizadas y empresas enfrentando serias dificultades, los altos costos y la falta de inversiones han exacerbado la crisis en el sector. Mientras tanto, Volkswagen encuentra en Brasil un mercado m\u00e1s estable y prometedor, donde puede enfocar sus recursos de manera m\u00e1s efectiva.<\/p>\n<p>El futuro de la industria automotriz argentina es incierto. La decisi\u00f3n de Volkswagen de no reanudar la producci\u00f3n en el pa\u00eds es un golpe para la econom\u00eda nacional y plantea desaf\u00edos significativos para el gobierno y los actores del sector. La priorizaci\u00f3n de Brasil como destino de inversiones deja en evidencia la urgente necesidad de pol\u00edticas que promuevan la competitividad y la estabilidad en Argentina.<\/p>\n","protected":false},"excerpt":{"rendered":"<p>La industria automotriz argentina enfrenta desaf\u00edos sin precedentes. A pesar de un repunte en la producci\u00f3n el a\u00f1o pasado, los<\/p>\n","protected":false},"author":1,"featured_media":104093,"comment_status":"closed","ping_status":"closed","sticky":false,"template":"","format":"standard","meta":{"kia_subtitle":"Ante el declive de la industria automotriz en Argentina, Volkswagen opta por enfocar sus inversiones en Brasil, generando incertidumbre sobre el futuro de su planta en el pa\u00eds.","footnotes":"","jetpack_publicize_message":"","jetpack_publicize_feature_enabled":true,"jetpack_social_post_already_shared":true,"jetpack_social_options":{"image_generator_settings":{"template":"highway","default_image_id":0,"font":"","enabled":false},"version":2}},"categories":[3,41],"tags":[],"class_list":["post-104092","post","type-post","status-publish","format-standard","has-post-thumbnail","hentry","category-actualidad","category-nacionales"],"jetpack_publicize_connections":[],"jetpack_featured_media_url":"https:\/\/laurbedigital.com.ar\/noticias\/wp-content\/uploads\/2024\/04\/20240416-Automotriz.jpg","_links":{"self":[{"href":"https:\/\/laurbedigital.com.ar\/noticias\/wp-json\/wp\/v2\/posts\/104092","targetHints":{"allow":["GET"]}}],"collection":[{"href":"https:\/\/laurbedigital.com.ar\/noticias\/wp-json\/wp\/v2\/posts"}],"about":[{"href":"https:\/\/laurbedigital.com.ar\/noticias\/wp-json\/wp\/v2\/types\/post"}],"author":[{"embeddable":true,"href":"https:\/\/laurbedigital.com.ar\/noticias\/wp-json\/wp\/v2\/users\/1"}],"replies":[{"embeddable":true,"href":"https:\/\/laurbedigital.com.ar\/noticias\/wp-json\/wp\/v2\/comments?post=104092"}],"version-history":[{"count":1,"href":"https:\/\/laurbedigital.com.ar\/noticias\/wp-json\/wp\/v2\/posts\/104092\/revisions"}],"predecessor-version":[{"id":104094,"href":"https:\/\/laurbedigital.com.ar\/noticias\/wp-json\/wp\/v2\/posts\/104092\/revisions\/104094"}],"wp:featuredmedia":[{"embeddable":true,"href":"https:\/\/laurbedigital.com.ar\/noticias\/wp-json\/wp\/v2\/media\/104093"}],"wp:attachment":[{"href":"https:\/\/laurbedigital.com.ar\/noticias\/wp-json\/wp\/v2\/media?parent=104092"}],"wp:term":[{"taxonomy":"category","embeddable":true,"href":"https:\/\/laurbedigital.com.ar\/noticias\/wp-json\/wp\/v2\/categories?post=104092"},{"taxonomy":"post_tag","embeddable":true,"href":"https:\/\/laurbedigital.com.ar\/noticias\/wp-json\/wp\/v2\/tags?post=104092"}],"curies":[{"name":"wp","href":"https:\/\/api.w.org\/{rel}","templated":true}]}}