{"id":104081,"date":"2024-04-15T23:19:39","date_gmt":"2024-04-16T02:19:39","guid":{"rendered":"https:\/\/laurbedigital.com.ar\/noticias\/?p=104081"},"modified":"2024-04-15T20:28:49","modified_gmt":"2024-04-15T23:28:49","slug":"marcha-nacional-universitaria-del-congreso-a-la-plaza-de-mayo","status":"publish","type":"post","link":"https:\/\/laurbedigital.com.ar\/noticias\/2024\/04\/15\/marcha-nacional-universitaria-del-congreso-a-la-plaza-de-mayo\/","title":{"rendered":"Marcha nacional universitaria: Del Congreso a la Plaza de Mayo"},"content":{"rendered":"<p>El martes 23 de abril marcar\u00e1 un d\u00eda de movilizaci\u00f3n y reclamo para la comunidad universitaria argentina. En respuesta al congelamiento presupuestario y las medidas de ajuste implementadas por el gobierno de Javier Milei, representantes del sistema universitario nacional se preparan para una marcha que partir\u00e1 desde el Congreso Nacional hasta Plaza de Mayo.<\/p>\n<p>La convocatoria para la marcha nacional universitaria ha unido a diversas instituciones y actores del \u00e1mbito acad\u00e9mico y sindical. En una reuni\u00f3n celebrada el pasado viernes, representantes del Consejo Interuniversitario Nacional (CIN), sindicatos de docentes y no docentes, y dirigentes estudiantiles de la Federaci\u00f3n Universitaria Argentina (FUA) acordaron los detalles log\u00edsticos y el recorrido de la movilizaci\u00f3n.<\/p>\n<p>El punto de encuentro ser\u00e1 frente al Congreso Nacional, desde donde las columnas universitarias se dirigir\u00e1n hacia Plaza de Mayo, donde se llevar\u00e1 a cabo un acto central. La protesta, que se espera multitudinaria, contar\u00e1 con la participaci\u00f3n de diversas federaciones docentes y no docentes, as\u00ed como el respaldo de las tres centrales obreras del pa\u00eds: CGT, CTA de los Trabajadores y CTA Aut\u00f3noma.<\/p>\n<p>Adem\u00e1s de la movilizaci\u00f3n en la Ciudad de Buenos Aires, la protesta tendr\u00e1 expresi\u00f3n federal, con universitarios moviliz\u00e1ndose en cada universidad del pa\u00eds para manifestar su apoyo a la educaci\u00f3n p\u00fablica. Esta jornada de reclamo surge como respuesta al deterioro del presupuesto destinado a la educaci\u00f3n superior y la creciente precarizaci\u00f3n del sector.<\/p>\n<p>La comunidad acad\u00e9mica tambi\u00e9n ha lanzado una gran campa\u00f1a nacional de defensa de la universidad p\u00fablica, con el objetivo de concientizar a la sociedad sobre la importancia de garantizar una educaci\u00f3n superior de calidad y accesible para todos. Se invita a participar en la marcha a la comunidad cient\u00edfica, organizaciones estudiantiles, organismos de derechos humanos y legisladores de todos los niveles del Estado.<\/p>\n<p>Federico Montero, secretario de organizaci\u00f3n de la Conadu, destac\u00f3 la importancia del apoyo recibido de las centrales sindicales y enfatiz\u00f3 la necesidad de que la marcha se desarrolle en forma pac\u00edfica, permitiendo que la comunidad universitaria pueda expresar libremente sus reclamos.<\/p>\n<p>La marcha nacional universitaria del martes 23 de abril representa un momento crucial para la defensa de la educaci\u00f3n superior en Argentina. La uni\u00f3n de la comunidad acad\u00e9mica en este reclamo demuestra la determinaci\u00f3n de salvaguardar la universidad p\u00fablica como pilar fundamental de la sociedad. En un contexto de desaf\u00edos y adversidades, la movilizaci\u00f3n se erige como un acto de resistencia y solidaridad, en busca de un futuro educativo m\u00e1s justo y equitativo para todos.<\/p>\n","protected":false},"excerpt":{"rendered":"<p>El martes 23 de abril marcar\u00e1 un d\u00eda de movilizaci\u00f3n y reclamo para la comunidad universitaria argentina. En respuesta al<\/p>\n","protected":false},"author":1,"featured_media":104082,"comment_status":"closed","ping_status":"closed","sticky":false,"template":"","format":"standard","meta":{"kia_subtitle":"Representantes del sistema universitario argentino se movilizan el martes 23 de abril en rechazo al congelamiento presupuestario y al ajuste gubernamental. Desde el Congreso hasta Plaza de Mayo, la comunidad acad\u00e9mica hace o\u00edr su reclamo.","footnotes":"","jetpack_publicize_message":"","jetpack_publicize_feature_enabled":true,"jetpack_social_post_already_shared":true,"jetpack_social_options":{"image_generator_settings":{"template":"highway","default_image_id":0,"font":"","enabled":false},"version":2}},"categories":[3,41],"tags":[],"class_list":["post-104081","post","type-post","status-publish","format-standard","has-post-thumbnail","hentry","category-actualidad","category-nacionales"],"jetpack_publicize_connections":[],"jetpack_featured_media_url":"https:\/\/laurbedigital.com.ar\/noticias\/wp-content\/uploads\/2024\/04\/20240415-Marcha-universidad-publica.jpg","_links":{"self":[{"href":"https:\/\/laurbedigital.com.ar\/noticias\/wp-json\/wp\/v2\/posts\/104081","targetHints":{"allow":["GET"]}}],"collection":[{"href":"https:\/\/laurbedigital.com.ar\/noticias\/wp-json\/wp\/v2\/posts"}],"about":[{"href":"https:\/\/laurbedigital.com.ar\/noticias\/wp-json\/wp\/v2\/types\/post"}],"author":[{"embeddable":true,"href":"https:\/\/laurbedigital.com.ar\/noticias\/wp-json\/wp\/v2\/users\/1"}],"replies":[{"embeddable":true,"href":"https:\/\/laurbedigital.com.ar\/noticias\/wp-json\/wp\/v2\/comments?post=104081"}],"version-history":[{"count":2,"href":"https:\/\/laurbedigital.com.ar\/noticias\/wp-json\/wp\/v2\/posts\/104081\/revisions"}],"predecessor-version":[{"id":104084,"href":"https:\/\/laurbedigital.com.ar\/noticias\/wp-json\/wp\/v2\/posts\/104081\/revisions\/104084"}],"wp:featuredmedia":[{"embeddable":true,"href":"https:\/\/laurbedigital.com.ar\/noticias\/wp-json\/wp\/v2\/media\/104082"}],"wp:attachment":[{"href":"https:\/\/laurbedigital.com.ar\/noticias\/wp-json\/wp\/v2\/media?parent=104081"}],"wp:term":[{"taxonomy":"category","embeddable":true,"href":"https:\/\/laurbedigital.com.ar\/noticias\/wp-json\/wp\/v2\/categories?post=104081"},{"taxonomy":"post_tag","embeddable":true,"href":"https:\/\/laurbedigital.com.ar\/noticias\/wp-json\/wp\/v2\/tags?post=104081"}],"curies":[{"name":"wp","href":"https:\/\/api.w.org\/{rel}","templated":true}]}}