{"id":104076,"date":"2024-04-15T19:50:21","date_gmt":"2024-04-15T22:50:21","guid":{"rendered":"https:\/\/laurbedigital.com.ar\/noticias\/?p=104076"},"modified":"2024-04-15T20:03:06","modified_gmt":"2024-04-15T23:03:06","slug":"incertidumbre-cuanto-costaran-los-boletos-de-tren-y-colectivo-en-mayo","status":"publish","type":"post","link":"https:\/\/laurbedigital.com.ar\/noticias\/2024\/04\/15\/incertidumbre-cuanto-costaran-los-boletos-de-tren-y-colectivo-en-mayo\/","title":{"rendered":"Incertidumbre: \u00bfCu\u00e1nto costar\u00e1n los boletos de tren y colectivo en mayo?"},"content":{"rendered":"<p>Las tensiones en torno al transporte p\u00fablico en el \u00c1rea Metropolitana de Buenos Aires (AMBA) han alcanzado un punto cr\u00edtico tras el paro de colectivos del pasado jueves 11 de abril. El reclamo de la Uni\u00f3n Tranviarios Automotor (UTA) por el pago del acuerdo paritario y los subsidios pendientes ha dejado al descubierto la fragilidad del sistema. En este contexto, el Gobierno se encuentra evaluando la posibilidad de aumentar las tarifas del transporte p\u00fablico en el pr\u00f3ximo mes de mayo, seg\u00fan lo establecido en la Resoluci\u00f3n 5\/2024 de la Secretar\u00eda de Transporte de la Naci\u00f3n.<\/p>\n<p>Si bien a\u00fan persisten los conflictos sin resolver, el aumento del valor de los boletos de tren y colectivo podr\u00eda ser inminente. De acuerdo con estimaciones, el ajuste podr\u00eda llevar el costo del boleto m\u00ednimo de colectivos de $300,78 a $409, representando un incremento del 51,6%. Por su parte, el pasaje de tren pasar\u00eda de $130 a $197 en el AMBA, seg\u00fan lo estipulado.<\/p>\n<p>Sin embargo, fuentes oficiales han indicado al diario Clar\u00edn que, por el momento, no se prev\u00e9 ning\u00fan ajuste tarifario para mayo. Esto podr\u00eda deberse a la necesidad de mantener el congelamiento de tarifas mientras se resuelven los conflictos pendientes, como el pago de subsidios y el acuerdo salarial con los trabajadores del transporte.<\/p>\n<p>En medio de estas deliberaciones, surge la pregunta: \u00bfQu\u00e9 reclaman las empresas y la UTA? Seg\u00fan la Asociaci\u00f3n Argentina de Empresarios del Transporte Automotor (AAETA), el costo \u00abreal\u00bb de un pasaje de colectivo en marzo fue de $1.198, con IVA incluido, de los cuales el Estado nacional reconoce solo $354. Esta discrepancia entre el costo real y el subsidio reconocido por el gobierno deja a las empresas del sector con un d\u00e9ficit de $574 por boleto, lo que impacta negativamente en la calidad del servicio y la renovaci\u00f3n de las unidades.<\/p>\n<p>Por otro lado, dentro de la estructura de costos reconocida por el Gobierno, el subsidio de $624 por pasajero solo alcanzar\u00eda para cubrir los salarios de los choferes, pero no contempla el aumento paritario acordado con la UTA. Esta situaci\u00f3n ha llevado a un deterioro en las condiciones laborales y ha desencadenado la medida de fuerza de la semana pasada.<\/p>\n<p>En cuanto al cuadro tarifario, se establecen diferentes costos seg\u00fan la distancia recorrida en colectivo y tren:<\/p>\n<p><strong>Colectivos:<\/strong><\/p>\n<ul>\n<li>Para recorridos de 3 a 6 km: $300,78.<\/li>\n<li>Para recorridos de 6 a 12 km: $323,95.<\/li>\n<li>Para distancias de 12 a 27 km: $347,15.<\/li>\n<li>Para recorridos de m\u00e1s de 27 km: $370,18.<\/li>\n<\/ul>\n<p><strong>Trenes:<\/strong><\/p>\n<ul>\n<li>En la primera secci\u00f3n: $130.<\/li>\n<li>En la segunda secci\u00f3n: $169.<\/li>\n<li>En la tercera secci\u00f3n: $208.<\/li>\n<\/ul>\n<p>El futuro de las tarifas del transporte p\u00fablico en el AMBA sigue siendo incierto. Mientras el Gobierno sopesa la posibilidad de aumentar los boletos para cubrir los costos operativos, los usuarios y trabajadores del sector aguardan con expectativa las pr\u00f3ximas decisiones. En un contexto de tensiones y reclamos, la b\u00fasqueda de un equilibrio entre la sostenibilidad del sistema y el acceso a un transporte p\u00fablico de calidad se presenta como un desaf\u00edo crucial para las autoridades.<\/p>\n","protected":false},"excerpt":{"rendered":"<p>Las tensiones en torno al transporte p\u00fablico en el \u00c1rea Metropolitana de Buenos Aires (AMBA) han alcanzado un punto cr\u00edtico<\/p>\n","protected":false},"author":1,"featured_media":14599,"comment_status":"closed","ping_status":"closed","sticky":false,"template":"","format":"standard","meta":{"kia_subtitle":"El Gobierno sopesa la posibilidad de aumentar las tarifas del transporte p\u00fablico en medio de tensiones por subsidios y reclamos salariales. \u00bfQu\u00e9 implicar\u00eda para los usuarios un eventual ajuste en mayo?","footnotes":"","jetpack_publicize_message":"","jetpack_publicize_feature_enabled":true,"jetpack_social_post_already_shared":true,"jetpack_social_options":{"image_generator_settings":{"template":"highway","default_image_id":0,"font":"","enabled":false},"version":2}},"categories":[3,13],"tags":[],"class_list":["post-104076","post","type-post","status-publish","format-standard","has-post-thumbnail","hentry","category-actualidad","category-region"],"jetpack_publicize_connections":[],"jetpack_featured_media_url":"https:\/\/laurbedigital.com.ar\/noticias\/wp-content\/uploads\/2018\/08\/20180815-nac.jpg","_links":{"self":[{"href":"https:\/\/laurbedigital.com.ar\/noticias\/wp-json\/wp\/v2\/posts\/104076","targetHints":{"allow":["GET"]}}],"collection":[{"href":"https:\/\/laurbedigital.com.ar\/noticias\/wp-json\/wp\/v2\/posts"}],"about":[{"href":"https:\/\/laurbedigital.com.ar\/noticias\/wp-json\/wp\/v2\/types\/post"}],"author":[{"embeddable":true,"href":"https:\/\/laurbedigital.com.ar\/noticias\/wp-json\/wp\/v2\/users\/1"}],"replies":[{"embeddable":true,"href":"https:\/\/laurbedigital.com.ar\/noticias\/wp-json\/wp\/v2\/comments?post=104076"}],"version-history":[{"count":1,"href":"https:\/\/laurbedigital.com.ar\/noticias\/wp-json\/wp\/v2\/posts\/104076\/revisions"}],"predecessor-version":[{"id":104077,"href":"https:\/\/laurbedigital.com.ar\/noticias\/wp-json\/wp\/v2\/posts\/104076\/revisions\/104077"}],"wp:featuredmedia":[{"embeddable":true,"href":"https:\/\/laurbedigital.com.ar\/noticias\/wp-json\/wp\/v2\/media\/14599"}],"wp:attachment":[{"href":"https:\/\/laurbedigital.com.ar\/noticias\/wp-json\/wp\/v2\/media?parent=104076"}],"wp:term":[{"taxonomy":"category","embeddable":true,"href":"https:\/\/laurbedigital.com.ar\/noticias\/wp-json\/wp\/v2\/categories?post=104076"},{"taxonomy":"post_tag","embeddable":true,"href":"https:\/\/laurbedigital.com.ar\/noticias\/wp-json\/wp\/v2\/tags?post=104076"}],"curies":[{"name":"wp","href":"https:\/\/api.w.org\/{rel}","templated":true}]}}