{"id":104048,"date":"2024-04-14T22:51:22","date_gmt":"2024-04-15T01:51:22","guid":{"rendered":"https:\/\/laurbedigital.com.ar\/noticias\/?p=104048"},"modified":"2024-04-14T22:52:57","modified_gmt":"2024-04-15T01:52:57","slug":"inflacion-en-marzo-aumento-en-los-precios-de-alimentos-y-articulos-de-limpieza-impacta-en-los-consumidores","status":"publish","type":"post","link":"https:\/\/laurbedigital.com.ar\/noticias\/2024\/04\/14\/inflacion-en-marzo-aumento-en-los-precios-de-alimentos-y-articulos-de-limpieza-impacta-en-los-consumidores\/","title":{"rendered":"Inflaci\u00f3n en marzo: Aumento en los precios de alimentos y art\u00edculos de limpieza impacta en los consumidores"},"content":{"rendered":"<p>La inflaci\u00f3n contin\u00faa siendo un desaf\u00edo para los argentinos, con un aumento del 11% en marzo, seg\u00fan datos del Instituto Nacional de Estad\u00edstica y Censos (INDEC). Este incremento, aunque menor que el de febrero, lleva la inflaci\u00f3n interanual a un asombroso 287,9%, la m\u00e1s alta en la historia del pa\u00eds. En este contexto, el Centro de Econom\u00eda Pol\u00edtica ha revelado los productos que m\u00e1s aumentaron durante el mes.<\/p>\n<p>Entre los productos que m\u00e1s incrementaron sus precios se encuentran las carnes y derivados, con aumentos notables en salchichas tipo viena, pollo y paleta. Las frutas y verduras tampoco escapan a la escalada de precios, con aumentos alarmantes en lechuga, tomate y cebolla. Por otro lado, los l\u00e1cteos muestran un incremento significativo, destac\u00e1ndose el queso sardo, la leche fresca en sachet, el dulce de leche, entre otros.<\/p>\n<p>Asimismo, productos derivados del trigo como el pan franc\u00e9s tipo flauta, y art\u00edculos de almac\u00e9n como la sal fina, tambi\u00e9n sufrieron aumentos considerables. Sin embargo, uno de los aumentos m\u00e1s sorprendentes se registr\u00f3 en el rubro de limpieza, donde los pa\u00f1ales descartables, el detergente l\u00edquido y la lavandina experimentaron incrementos significativos, con este \u00faltimo aumentando casi un 500% interanual.<\/p>\n<p>La escalada de precios en Argentina contin\u00faa siendo una preocupaci\u00f3n para los consumidores, quienes ven afectada su capacidad adquisitiva en productos b\u00e1sicos como alimentos y art\u00edculos de limpieza. Es necesario que las autoridades tomen medidas concretas para frenar esta tendencia y proteger el bolsillo de los ciudadanos. La inflaci\u00f3n descontrolada no solo impacta en el presente de los argentinos, sino que tambi\u00e9n compromete el futuro econ\u00f3mico del pa\u00eds.<\/p>\n","protected":false},"excerpt":{"rendered":"<p>La inflaci\u00f3n contin\u00faa siendo un desaf\u00edo para los argentinos, con un aumento del 11% en marzo, seg\u00fan datos del Instituto<\/p>\n","protected":false},"author":1,"featured_media":71238,"comment_status":"closed","ping_status":"closed","sticky":false,"template":"","format":"standard","meta":{"kia_subtitle":"El \u00cdndice de Precios al Consumidor muestra un incremento del 11% en marzo, evidenciando una preocupante escalada en los precios de productos esenciales en Argentina. Destacan los fuertes aumentos en alimentos y art\u00edculos de limpieza.","footnotes":"","jetpack_publicize_message":"","jetpack_publicize_feature_enabled":true,"jetpack_social_post_already_shared":true,"jetpack_social_options":{"image_generator_settings":{"template":"highway","default_image_id":0,"font":"","enabled":false},"version":2}},"categories":[3,41],"tags":[],"class_list":["post-104048","post","type-post","status-publish","format-standard","has-post-thumbnail","hentry","category-actualidad","category-nacionales"],"jetpack_publicize_connections":[],"jetpack_featured_media_url":"https:\/\/laurbedigital.com.ar\/noticias\/wp-content\/uploads\/2022\/02\/20220225-Supermercado.jpg","_links":{"self":[{"href":"https:\/\/laurbedigital.com.ar\/noticias\/wp-json\/wp\/v2\/posts\/104048","targetHints":{"allow":["GET"]}}],"collection":[{"href":"https:\/\/laurbedigital.com.ar\/noticias\/wp-json\/wp\/v2\/posts"}],"about":[{"href":"https:\/\/laurbedigital.com.ar\/noticias\/wp-json\/wp\/v2\/types\/post"}],"author":[{"embeddable":true,"href":"https:\/\/laurbedigital.com.ar\/noticias\/wp-json\/wp\/v2\/users\/1"}],"replies":[{"embeddable":true,"href":"https:\/\/laurbedigital.com.ar\/noticias\/wp-json\/wp\/v2\/comments?post=104048"}],"version-history":[{"count":3,"href":"https:\/\/laurbedigital.com.ar\/noticias\/wp-json\/wp\/v2\/posts\/104048\/revisions"}],"predecessor-version":[{"id":104051,"href":"https:\/\/laurbedigital.com.ar\/noticias\/wp-json\/wp\/v2\/posts\/104048\/revisions\/104051"}],"wp:featuredmedia":[{"embeddable":true,"href":"https:\/\/laurbedigital.com.ar\/noticias\/wp-json\/wp\/v2\/media\/71238"}],"wp:attachment":[{"href":"https:\/\/laurbedigital.com.ar\/noticias\/wp-json\/wp\/v2\/media?parent=104048"}],"wp:term":[{"taxonomy":"category","embeddable":true,"href":"https:\/\/laurbedigital.com.ar\/noticias\/wp-json\/wp\/v2\/categories?post=104048"},{"taxonomy":"post_tag","embeddable":true,"href":"https:\/\/laurbedigital.com.ar\/noticias\/wp-json\/wp\/v2\/tags?post=104048"}],"curies":[{"name":"wp","href":"https:\/\/api.w.org\/{rel}","templated":true}]}}