{"id":103947,"date":"2024-04-11T14:42:00","date_gmt":"2024-04-11T17:42:00","guid":{"rendered":"https:\/\/laurbedigital.com.ar\/noticias\/?p=103947"},"modified":"2024-04-11T14:42:00","modified_gmt":"2024-04-11T17:42:00","slug":"compactaron-en-don-orione-cerca-de-4-mil-vehiculos-secuestrados-por-la-justicia","status":"publish","type":"post","link":"https:\/\/laurbedigital.com.ar\/noticias\/2024\/04\/11\/compactaron-en-don-orione-cerca-de-4-mil-vehiculos-secuestrados-por-la-justicia\/","title":{"rendered":"Compactaron en Don Orione cerca de 4 mil veh\u00edculos secuestrados por la justicia"},"content":{"rendered":"<div>\n<p>La actividad se realiz\u00f3 en el predio situado en Manuel Araujo al 3300, de la mencionada localidad, y cont\u00f3 con la presencia de autoridades policiales junto con la secretaria de Prevenci\u00f3n y Seguridad Ciudadana, Paula Eichel, y el presidente de la Comisi\u00f3n de Seguridad, Tr\u00e1nsito y Transporte, el concejal Mart\u00edn Borsetti.<\/p>\n<p>All\u00ed la m\u00e1quina compactadora trabaj\u00f3 sobre 760 autos y 3.000 motos que fueron incautadas en operativos policiales de las comisar\u00edas de Don Orione, San Jos\u00e9, Rafael Calzada, Claypole, Jos\u00e9 M\u00e1rmol, Solano y Glew por intervenci\u00f3n de la Justicia en diferentes causas.<\/p>\n<p>Cabe destacar que este dep\u00f3sito, si bien no es el \u00fanico ubicado en el distrito, por su ubicaci\u00f3n y el volumen de veh\u00edculos que albergaba, constitu\u00eda un foco de contaminaci\u00f3n y de alto impacto social.<\/p>\n<p>La iniciativa fue impulsada por el Municipio de Almirante Brown, que luego de solicitar la autorizaci\u00f3n legal para compactar los veh\u00edculos coordin\u00f3 el procedimiento con la Estaci\u00f3n de Polic\u00eda de Seguridad de Almirante Brown.<\/p>\n<h6><strong>\u201cGracias al trabajo articulado con la Secretar\u00eda General de la Gobernaci\u00f3n, la Polic\u00eda Bonaerense y la Justicia, estamos llevando adelante la compactaci\u00f3n y descontaminaci\u00f3n de 3.960 veh\u00edculos que fueron secuestrados en distintas causas y operativos de seguridad en Almirante Brown\u201d, destac\u00f3 Mariano Cascallares, quien cont\u00f3 que lo recolectado por la compactaci\u00f3n ser\u00e1 destinado a los Bomberos Voluntarios de Almirante Brown.<\/p>\n<p><img loading=\"lazy\" decoding=\"async\" class=\"alignnone size-full wp-image-103949\" src=\"https:\/\/laurbedigital.com.ar\/noticias\/wp-content\/uploads\/2024\/04\/20240411-Brown-compactacion-autos2.jpg\" alt=\"\" width=\"768\" height=\"428\" title=\"\" srcset=\"https:\/\/laurbedigital.com.ar\/noticias\/wp-content\/uploads\/2024\/04\/20240411-Brown-compactacion-autos2.jpg 768w, https:\/\/laurbedigital.com.ar\/noticias\/wp-content\/uploads\/2024\/04\/20240411-Brown-compactacion-autos2-300x167.jpg 300w\" sizes=\"auto, (max-width: 768px) 100vw, 768px\" \/><br \/>\n<\/strong><\/h6>\n<div dir=\"ltr\">Tambi\u00e9n dijeron presente en la jornada las y los titulares de las Comisar\u00edas Alte Brown 3\u00b0 San Jos\u00e9, 5\u00b0 Rafael Calzada, 6\u00b0 Claypole; 7\u00b0Glew, 8\u00b0 Don Orione, 9\u00b0 Jos\u00e9 M\u00e1rmol y 10\u00b0 San Francisco Solano.<\/div>\n<\/div>\n<div class=\"yj6qo\"><\/div>\n<div class=\"adL\"><\/div>\n","protected":false},"excerpt":{"rendered":"<p>La actividad se realiz\u00f3 en el predio situado en Manuel Araujo al 3300, de la mencionada localidad, y cont\u00f3 con<\/p>\n","protected":false},"author":1,"featured_media":103948,"comment_status":"closed","ping_status":"closed","sticky":false,"template":"","format":"standard","meta":{"kia_subtitle":"A partir de un trabajo conjunto entre el Municipio de Almirante Brown, la Justicia y la Provincia, se llev\u00f3 a cabo una jornada de compactaci\u00f3n y descontaminaci\u00f3n de 3.760 veh\u00edculos secuestrados por la Justicia que se encontraban en el dep\u00f3sito judicial de Don Orione, en la localidad de San Francisco de As\u00eds.","footnotes":"","jetpack_publicize_message":"","jetpack_publicize_feature_enabled":true,"jetpack_social_post_already_shared":true,"jetpack_social_options":{"image_generator_settings":{"template":"highway","default_image_id":0,"font":"","enabled":false},"version":2}},"categories":[2,33,249],"tags":[],"class_list":["post-103947","post","type-post","status-publish","format-standard","has-post-thumbnail","hentry","category-alte-brown","category-alte-brown-alte-brown","category-don-orione"],"jetpack_publicize_connections":[],"jetpack_featured_media_url":"https:\/\/laurbedigital.com.ar\/noticias\/wp-content\/uploads\/2024\/04\/20240411-Brown-compactacion-autos.jpg","_links":{"self":[{"href":"https:\/\/laurbedigital.com.ar\/noticias\/wp-json\/wp\/v2\/posts\/103947","targetHints":{"allow":["GET"]}}],"collection":[{"href":"https:\/\/laurbedigital.com.ar\/noticias\/wp-json\/wp\/v2\/posts"}],"about":[{"href":"https:\/\/laurbedigital.com.ar\/noticias\/wp-json\/wp\/v2\/types\/post"}],"author":[{"embeddable":true,"href":"https:\/\/laurbedigital.com.ar\/noticias\/wp-json\/wp\/v2\/users\/1"}],"replies":[{"embeddable":true,"href":"https:\/\/laurbedigital.com.ar\/noticias\/wp-json\/wp\/v2\/comments?post=103947"}],"version-history":[{"count":1,"href":"https:\/\/laurbedigital.com.ar\/noticias\/wp-json\/wp\/v2\/posts\/103947\/revisions"}],"predecessor-version":[{"id":103950,"href":"https:\/\/laurbedigital.com.ar\/noticias\/wp-json\/wp\/v2\/posts\/103947\/revisions\/103950"}],"wp:featuredmedia":[{"embeddable":true,"href":"https:\/\/laurbedigital.com.ar\/noticias\/wp-json\/wp\/v2\/media\/103948"}],"wp:attachment":[{"href":"https:\/\/laurbedigital.com.ar\/noticias\/wp-json\/wp\/v2\/media?parent=103947"}],"wp:term":[{"taxonomy":"category","embeddable":true,"href":"https:\/\/laurbedigital.com.ar\/noticias\/wp-json\/wp\/v2\/categories?post=103947"},{"taxonomy":"post_tag","embeddable":true,"href":"https:\/\/laurbedigital.com.ar\/noticias\/wp-json\/wp\/v2\/tags?post=103947"}],"curies":[{"name":"wp","href":"https:\/\/api.w.org\/{rel}","templated":true}]}}