{"id":103763,"date":"2024-04-06T04:52:44","date_gmt":"2024-04-06T07:52:44","guid":{"rendered":"https:\/\/laurbedigital.com.ar\/noticias\/?p=103763"},"modified":"2024-04-06T04:52:44","modified_gmt":"2024-04-06T07:52:44","slug":"dengue-la-esperanza-de-una-ola-subpolar-frente-a-la-negligencia-gubernamental","status":"publish","type":"post","link":"https:\/\/laurbedigital.com.ar\/noticias\/2024\/04\/06\/dengue-la-esperanza-de-una-ola-subpolar-frente-a-la-negligencia-gubernamental\/","title":{"rendered":"Dengue: La esperanza de una ola subpolar frente a la negligencia gubernamental"},"content":{"rendered":"<p>La epidemia de dengue que azota al pa\u00eds enfrenta la negligencia del Gobierno ante la falta de medidas efectivas para combatirla. La escasez de recursos y la ausencia de pol\u00edticas adecuadas de prevenci\u00f3n han llevado a una situaci\u00f3n cr\u00edtica. Sin embargo, la esperanza de frenar la propagaci\u00f3n del mosquito transmisor del dengue surge con la llegada de una ola subpolar, seg\u00fan pron\u00f3sticos meteorol\u00f3gicos.<\/p>\n<p>Expertos meteorol\u00f3gicos han anunciado la llegada de la primera ola subpolar del oto\u00f1o para la pr\u00f3xima semana. Pero, \u00bfqu\u00e9 significa esto y c\u00f3mo podr\u00eda afectar la propagaci\u00f3n del dengue? Una ola subpolar consiste en la llegada de aire fr\u00edo desde latitudes cercanas al c\u00edrculo polar, aunque no necesariamente desde el Polo, lo que genera una disminuci\u00f3n de las temperaturas sin llegar a causar heladas.<\/p>\n<p>A partir del mi\u00e9rcoles, se espera que las temperaturas oscilen entre los 19 y los 13 grados. Seg\u00fan los especialistas, por debajo de los 15 grados, el mosquito Aedes aegypti, vector del dengue, encuentra dificultades para moverse y alimentarse, lo que reduce su actividad y la propagaci\u00f3n de la enfermedad. Las condiciones \u00f3ptimas para su desarrollo se encuentran por encima de los 23 grados.<\/p>\n<p>Si bien el mosquito no muere inmediatamente por las bajas temperaturas, su ciclo de reproducci\u00f3n se ralentiza significativamente. As\u00ed, varias jornadas continuas con temperaturas bajas podr\u00edan reducir de manera considerable la poblaci\u00f3n de mosquitos.<\/p>\n<p>En t\u00e9rminos epidemiol\u00f3gicos, mantener las temperaturas por debajo de los 20 grados es alentador y podr\u00eda contribuir a frenar la propagaci\u00f3n del dengue. La llegada de la ola subpolar representa, por tanto, una esperanza para combatir la epidemia en ausencia de medidas gubernamentales efectivas.<\/p>\n<p>Frente a la negligencia del Gobierno ante la crisis de dengue, la llegada de una ola subpolar ofrece un rayo de esperanza para frenar la propagaci\u00f3n del mosquito transmisor de la enfermedad. Sin embargo, es crucial que las autoridades tomen medidas urgentes y efectivas para enfrentar esta situaci\u00f3n de emergencia sanitaria y proteger la salud de la poblaci\u00f3n.<\/p>\n","protected":false},"excerpt":{"rendered":"<p>La epidemia de dengue que azota al pa\u00eds enfrenta la negligencia del Gobierno ante la falta de medidas efectivas para<\/p>\n","protected":false},"author":1,"featured_media":103746,"comment_status":"closed","ping_status":"closed","sticky":false,"template":"","format":"standard","meta":{"kia_subtitle":"En medio de la peor epidemia de dengue, la falta de medidas del Gobierno deja a la espera de que una ola subpolar frene la invasi\u00f3n de mosquitos. Expertos meteorol\u00f3gicos prev\u00e9n una ca\u00edda de temperaturas para la pr\u00f3xima semana.","footnotes":"","jetpack_publicize_message":"","jetpack_publicize_feature_enabled":true,"jetpack_social_post_already_shared":true,"jetpack_social_options":{"image_generator_settings":{"template":"highway","default_image_id":0,"font":"","enabled":false},"version":2}},"categories":[1],"tags":[],"class_list":["post-103763","post","type-post","status-publish","format-standard","has-post-thumbnail","hentry","category-uncategorized"],"jetpack_publicize_connections":[],"jetpack_featured_media_url":"https:\/\/laurbedigital.com.ar\/noticias\/wp-content\/uploads\/2024\/04\/20240406-Mosquito-dengue.jpg","_links":{"self":[{"href":"https:\/\/laurbedigital.com.ar\/noticias\/wp-json\/wp\/v2\/posts\/103763","targetHints":{"allow":["GET"]}}],"collection":[{"href":"https:\/\/laurbedigital.com.ar\/noticias\/wp-json\/wp\/v2\/posts"}],"about":[{"href":"https:\/\/laurbedigital.com.ar\/noticias\/wp-json\/wp\/v2\/types\/post"}],"author":[{"embeddable":true,"href":"https:\/\/laurbedigital.com.ar\/noticias\/wp-json\/wp\/v2\/users\/1"}],"replies":[{"embeddable":true,"href":"https:\/\/laurbedigital.com.ar\/noticias\/wp-json\/wp\/v2\/comments?post=103763"}],"version-history":[{"count":1,"href":"https:\/\/laurbedigital.com.ar\/noticias\/wp-json\/wp\/v2\/posts\/103763\/revisions"}],"predecessor-version":[{"id":103764,"href":"https:\/\/laurbedigital.com.ar\/noticias\/wp-json\/wp\/v2\/posts\/103763\/revisions\/103764"}],"wp:featuredmedia":[{"embeddable":true,"href":"https:\/\/laurbedigital.com.ar\/noticias\/wp-json\/wp\/v2\/media\/103746"}],"wp:attachment":[{"href":"https:\/\/laurbedigital.com.ar\/noticias\/wp-json\/wp\/v2\/media?parent=103763"}],"wp:term":[{"taxonomy":"category","embeddable":true,"href":"https:\/\/laurbedigital.com.ar\/noticias\/wp-json\/wp\/v2\/categories?post=103763"},{"taxonomy":"post_tag","embeddable":true,"href":"https:\/\/laurbedigital.com.ar\/noticias\/wp-json\/wp\/v2\/tags?post=103763"}],"curies":[{"name":"wp","href":"https:\/\/api.w.org\/{rel}","templated":true}]}}