{"id":103665,"date":"2024-04-03T02:47:10","date_gmt":"2024-04-03T05:47:10","guid":{"rendered":"https:\/\/laurbedigital.com.ar\/noticias\/?p=103665"},"modified":"2024-04-03T02:47:10","modified_gmt":"2024-04-03T05:47:10","slug":"hoy-3-de-abril-se-celebra-el-dia-mundial-del-arcoiris","status":"publish","type":"post","link":"https:\/\/laurbedigital.com.ar\/noticias\/2024\/04\/03\/hoy-3-de-abril-se-celebra-el-dia-mundial-del-arcoiris\/","title":{"rendered":"Hoy 3 de abril se celebra el D\u00eda Mundial del Arco\u00edris"},"content":{"rendered":"<p>El arco\u00edris, con su fascinante despliegue de colores en el cielo, ha sido durante mucho tiempo un s\u00edmbolo de esperanza y diversidad en culturas de todo el mundo. Este 3 de abril, celebramos el D\u00eda Mundial del Arco\u00edris, una fecha para reflexionar sobre la importancia de la inclusi\u00f3n, la igualdad y la diversidad en nuestra sociedad.<\/p>\n<p>El D\u00eda Mundial del Arco\u00edris se estableci\u00f3 para promover la inclusi\u00f3n y la diversidad en todas sus formas. Representa la unidad en la diversidad, record\u00e1ndonos que cada color, cada tono, es esencial para crear la belleza y la armon\u00eda en nuestro mundo.<\/p>\n<p>El arco\u00edris tambi\u00e9n simboliza la esperanza, especialmente en tiempos dif\u00edciles. Ha sido un recordatorio constante de que despu\u00e9s de la tormenta siempre llega la calma, y que incluso en los momentos m\u00e1s oscuros, siempre hay luz al final del camino.<\/p>\n<p>En un mundo donde la discriminaci\u00f3n y la intolerancia a\u00fan existen, el D\u00eda Mundial del Arco\u00edris nos recuerda la importancia de aceptar y celebrar nuestras diferencias. Nos invita a construir un mundo donde todos puedan vivir libres de prejuicios y ser aceptados tal como son.<\/p>\n<p>Este d\u00eda es una oportunidad para reflexionar sobre c\u00f3mo podemos ser m\u00e1s inclusivos en nuestras comunidades y en nuestras vidas diarias. Es un recordatorio de que juntos, en toda nuestra diversidad, podemos crear un mundo m\u00e1s justo, equitativo y pac\u00edfico para todos.<\/p>\n<p>En el D\u00eda Mundial del Arco\u00edris, celebremos la diversidad, la inclusi\u00f3n y la esperanza. Recordemos que cada color, cada persona, es parte importante del hermoso espectro de la vida. \u00a1Que el arco\u00edris nos inspire a ser m\u00e1s comprensivos, tolerantes y solidarios con todos!<\/p>\n","protected":false},"excerpt":{"rendered":"<p>El arco\u00edris, con su fascinante despliegue de colores en el cielo, ha sido durante mucho tiempo un s\u00edmbolo de esperanza<\/p>\n","protected":false},"author":1,"featured_media":103666,"comment_status":"closed","ping_status":"closed","sticky":false,"template":"","format":"standard","meta":{"kia_subtitle":"El 3 de abril conmemoramos el D\u00eda Mundial del Arco\u00edris, un s\u00edmbolo de diversidad, esperanza y unidad. Descubre por qu\u00e9 esta efem\u00e9ride es importante y qu\u00e9 representa para el mundo.","footnotes":"","jetpack_publicize_message":"","jetpack_publicize_feature_enabled":true,"jetpack_social_post_already_shared":true,"jetpack_social_options":{"image_generator_settings":{"template":"highway","default_image_id":0,"font":"","enabled":false},"version":2}},"categories":[5,2594],"tags":[],"class_list":["post-103665","post","type-post","status-publish","format-standard","has-post-thumbnail","hentry","category-cultura","category-efemerides"],"jetpack_publicize_connections":[],"jetpack_featured_media_url":"https:\/\/laurbedigital.com.ar\/noticias\/wp-content\/uploads\/2024\/04\/20240403-Arcoiris.jpg","_links":{"self":[{"href":"https:\/\/laurbedigital.com.ar\/noticias\/wp-json\/wp\/v2\/posts\/103665","targetHints":{"allow":["GET"]}}],"collection":[{"href":"https:\/\/laurbedigital.com.ar\/noticias\/wp-json\/wp\/v2\/posts"}],"about":[{"href":"https:\/\/laurbedigital.com.ar\/noticias\/wp-json\/wp\/v2\/types\/post"}],"author":[{"embeddable":true,"href":"https:\/\/laurbedigital.com.ar\/noticias\/wp-json\/wp\/v2\/users\/1"}],"replies":[{"embeddable":true,"href":"https:\/\/laurbedigital.com.ar\/noticias\/wp-json\/wp\/v2\/comments?post=103665"}],"version-history":[{"count":1,"href":"https:\/\/laurbedigital.com.ar\/noticias\/wp-json\/wp\/v2\/posts\/103665\/revisions"}],"predecessor-version":[{"id":103667,"href":"https:\/\/laurbedigital.com.ar\/noticias\/wp-json\/wp\/v2\/posts\/103665\/revisions\/103667"}],"wp:featuredmedia":[{"embeddable":true,"href":"https:\/\/laurbedigital.com.ar\/noticias\/wp-json\/wp\/v2\/media\/103666"}],"wp:attachment":[{"href":"https:\/\/laurbedigital.com.ar\/noticias\/wp-json\/wp\/v2\/media?parent=103665"}],"wp:term":[{"taxonomy":"category","embeddable":true,"href":"https:\/\/laurbedigital.com.ar\/noticias\/wp-json\/wp\/v2\/categories?post=103665"},{"taxonomy":"post_tag","embeddable":true,"href":"https:\/\/laurbedigital.com.ar\/noticias\/wp-json\/wp\/v2\/tags?post=103665"}],"curies":[{"name":"wp","href":"https:\/\/api.w.org\/{rel}","templated":true}]}}