{"id":103613,"date":"2024-04-01T21:52:35","date_gmt":"2024-04-02T00:52:35","guid":{"rendered":"https:\/\/laurbedigital.com.ar\/noticias\/?p=103613"},"modified":"2024-04-01T21:52:35","modified_gmt":"2024-04-02T00:52:35","slug":"sigue-la-fuga-de-presos-en-caba-dos-reclusos-se-escaparon-de-una-alcaldia-en-balvanera","status":"publish","type":"post","link":"https:\/\/laurbedigital.com.ar\/noticias\/2024\/04\/01\/sigue-la-fuga-de-presos-en-caba-dos-reclusos-se-escaparon-de-una-alcaldia-en-balvanera\/","title":{"rendered":"Sigue la fuga de presos en CABA: dos reclusos se escaparon de una alcald\u00eda en Balvanera"},"content":{"rendered":"<p>La constante problem\u00e1tica de la seguridad en CABA recibe otro golpe con la fuga de presos. Tras la evasi\u00f3n de ocho detenidos de una comisar\u00eda en San Telmo, dos reclusos lograron escapar en la tarde del lunes de una alcald\u00eda en Balvanera.<\/p>\n<p>Los hechos ocurrieron apenas horas despu\u00e9s de la sorprendente fuga en San Telmo. Los reclusos burlaron la seguridad de la Alcaid\u00eda 3A, situada en Lavalle al 2600, tras forzar una reja del calabozo, que antes hab\u00eda sido utilizado como vestuario en la dependencia.<\/p>\n<p>Entre los fugados, uno enfrenta cargos por robo, mientras que el otro tiene un pedido de captura activo por el mismo delito, solicitado por la Justicia bonaerense. La audaz fuga se concret\u00f3 a trav\u00e9s del patio interno de la alcaid\u00eda, que colinda con un comercio textil. Curiosamente, el encargado del establecimiento asegur\u00f3 no haber detectado ninguna actividad inusual durante el d\u00eda.<\/p>\n<p>La sucesi\u00f3n de fugas en las instituciones carcelarias de CABA plantea una grave preocupaci\u00f3n sobre la seguridad p\u00fablica. Estos incidentes ponen de relieve la necesidad urgente de revisar y reforzar los protocolos de seguridad en las dependencias penitenciarias para evitar futuras evasiones y proteger a la comunidad de posibles riesgos asociados con la delincuencia.<\/p>\n","protected":false},"excerpt":{"rendered":"<p>La constante problem\u00e1tica de la seguridad en CABA recibe otro golpe con la fuga de presos. Tras la evasi\u00f3n de<\/p>\n","protected":false},"author":1,"featured_media":103614,"comment_status":"closed","ping_status":"closed","sticky":false,"template":"","format":"standard","meta":{"kia_subtitle":"Dos reclusos se evaden de una alcald\u00eda en Balvanera, sum\u00e1ndose a la fuga de ocho detenidos de una comisar\u00eda en San Telmo. La inseguridad carcelaria se agudiza en la Ciudad Aut\u00f3noma de Buenos Aires.","footnotes":"","jetpack_publicize_message":"","jetpack_publicize_feature_enabled":true,"jetpack_social_post_already_shared":true,"jetpack_social_options":{"image_generator_settings":{"template":"highway","default_image_id":0,"font":"","enabled":false},"version":2}},"categories":[8],"tags":[],"class_list":["post-103613","post","type-post","status-publish","format-standard","has-post-thumbnail","hentry","category-policiales"],"jetpack_publicize_connections":[],"jetpack_featured_media_url":"https:\/\/laurbedigital.com.ar\/noticias\/wp-content\/uploads\/2024\/04\/20240402-carcel.jpg","_links":{"self":[{"href":"https:\/\/laurbedigital.com.ar\/noticias\/wp-json\/wp\/v2\/posts\/103613","targetHints":{"allow":["GET"]}}],"collection":[{"href":"https:\/\/laurbedigital.com.ar\/noticias\/wp-json\/wp\/v2\/posts"}],"about":[{"href":"https:\/\/laurbedigital.com.ar\/noticias\/wp-json\/wp\/v2\/types\/post"}],"author":[{"embeddable":true,"href":"https:\/\/laurbedigital.com.ar\/noticias\/wp-json\/wp\/v2\/users\/1"}],"replies":[{"embeddable":true,"href":"https:\/\/laurbedigital.com.ar\/noticias\/wp-json\/wp\/v2\/comments?post=103613"}],"version-history":[{"count":1,"href":"https:\/\/laurbedigital.com.ar\/noticias\/wp-json\/wp\/v2\/posts\/103613\/revisions"}],"predecessor-version":[{"id":103615,"href":"https:\/\/laurbedigital.com.ar\/noticias\/wp-json\/wp\/v2\/posts\/103613\/revisions\/103615"}],"wp:featuredmedia":[{"embeddable":true,"href":"https:\/\/laurbedigital.com.ar\/noticias\/wp-json\/wp\/v2\/media\/103614"}],"wp:attachment":[{"href":"https:\/\/laurbedigital.com.ar\/noticias\/wp-json\/wp\/v2\/media?parent=103613"}],"wp:term":[{"taxonomy":"category","embeddable":true,"href":"https:\/\/laurbedigital.com.ar\/noticias\/wp-json\/wp\/v2\/categories?post=103613"},{"taxonomy":"post_tag","embeddable":true,"href":"https:\/\/laurbedigital.com.ar\/noticias\/wp-json\/wp\/v2\/tags?post=103613"}],"curies":[{"name":"wp","href":"https:\/\/api.w.org\/{rel}","templated":true}]}}