{"id":103118,"date":"2024-03-18T22:46:25","date_gmt":"2024-03-19T01:46:25","guid":{"rendered":"https:\/\/laurbedigital.com.ar\/noticias\/?p=103118"},"modified":"2024-03-18T22:46:25","modified_gmt":"2024-03-19T01:46:25","slug":"descontento-y-rechazo-el-ajuste-economico-y-las-medidas-politicas-en-la-mira","status":"publish","type":"post","link":"https:\/\/laurbedigital.com.ar\/noticias\/2024\/03\/18\/descontento-y-rechazo-el-ajuste-economico-y-las-medidas-politicas-en-la-mira\/","title":{"rendered":"Descontento y rechazo: el ajuste econ\u00f3mico y las medidas pol\u00edticas en la mira"},"content":{"rendered":"<p>El \u00faltimo informe de la consultora Zuban C\u00f3rdoba y Asociados, titulado \u00abLa Econom\u00eda en la Era Milei\u00bb, revela un preocupante escenario econ\u00f3mico y pol\u00edtico en Argentina. Seg\u00fan el relevamiento realizado entre el 7 y el 9 de marzo, con una muestra de 1500 casos a nivel nacional, se evidencia un claro descontento y rechazo hacia las pol\u00edticas gubernamentales y una percepci\u00f3n generalizada de deterioro econ\u00f3mico.<\/p>\n<p>El informe destaca que el 57,3% de los encuestados tiene una visi\u00f3n negativa del presidente Javier Milei, mientras que solo un 42,3% tiene una imagen positiva de su gesti\u00f3n. En t\u00e9rminos econ\u00f3micos, el 69,8% afirma que su situaci\u00f3n financiera ha empeorado desde que Milei asumi\u00f3 la presidencia, mientras que solo un 24,7% sostiene lo contrario.<\/p>\n<p>Resulta llamativo que solo un 23,9% de la poblaci\u00f3n cree que el ajuste econ\u00f3mico lo est\u00e1 pagando \u00abla pol\u00edtica\u00bb, en contraposici\u00f3n con la postura del Gobierno nacional. Un contundente 71,6% est\u00e1 en desacuerdo con esta afirmaci\u00f3n, reflejando un fuerte rechazo a las pol\u00edticas de ajuste implementadas.<\/p>\n<p>El informe tambi\u00e9n revela que un 69% de los encuestados manifiesta no saber c\u00f3mo llegar a fin de mes con sus ingresos actuales, mientras que un 53,8% teme perder su empleo. Adem\u00e1s, m\u00e1s de la mitad de los consultados (54,7%) considera que el sacrificio econ\u00f3mico que realizan no valdr\u00e1 la pena en el futuro.<\/p>\n<p>En cuanto a las medidas pol\u00edticas propuestas por el oficialismo, el descontento es evidente. Solo un 35,9% est\u00e1 de acuerdo con la afirmaci\u00f3n \u00abNo me importa la econom\u00eda si castiga a los pol\u00edticos\u00bb. Adem\u00e1s, la mayor\u00eda de la poblaci\u00f3n (59,9%) se opone a la eliminaci\u00f3n del Fondo Nacional de Incentivo Docente (Fonid), un 52,8% se opone al cierre de la agencia de noticias T\u00e9lam y un 47,9% se opone al cierre del Instituto Nacional contra la Discriminaci\u00f3n y la Xenofobia (Inadi).<\/p>\n<p>Por \u00faltimo, el informe destaca que un 61,8% de los encuestados prefiere que su gobernador defienda los intereses de su provincia, incluso si esto significa enfrentarse al presidente. Esta postura contrasta con el 35,9% que prefiere que el gobernador ayude al presidente, aunque su provincia pierda recursos.<\/p>\n<p>El informe de Zuban C\u00f3rdoba y Asociados deja en claro el malestar y la preocupaci\u00f3n de la poblaci\u00f3n argentina frente al panorama econ\u00f3mico y pol\u00edtico actual. El descontento con las medidas de ajuste y las pol\u00edticas anunciadas desde la Presidencia reflejan un fuerte rechazo y una falta de confianza en la gesti\u00f3n gubernamental. Es crucial que las autoridades atiendan estas se\u00f1ales y busquen soluciones que realmente beneficien a la ciudadan\u00eda en su conjunto.<\/p>\n","protected":false},"excerpt":{"rendered":"<p>El \u00faltimo informe de la consultora Zuban C\u00f3rdoba y Asociados, titulado \u00abLa Econom\u00eda en la Era Milei\u00bb, revela un preocupante<\/p>\n","protected":false},"author":1,"featured_media":103119,"comment_status":"closed","ping_status":"closed","sticky":false,"template":"","format":"standard","meta":{"kia_subtitle":"El informe de Zuban C\u00f3rdoba y Asociados muestra un panorama de deterioro econ\u00f3mico y un fuerte rechazo a medidas gubernamentales. El presidente Milei enfrenta una imagen negativa y la poblaci\u00f3n critica las pol\u00edticas implementadas.","footnotes":"","jetpack_publicize_message":"","jetpack_publicize_feature_enabled":true,"jetpack_social_post_already_shared":true,"jetpack_social_options":{"image_generator_settings":{"template":"highway","default_image_id":0,"font":"","enabled":false},"version":2}},"categories":[3,41],"tags":[],"class_list":["post-103118","post","type-post","status-publish","format-standard","has-post-thumbnail","hentry","category-actualidad","category-nacionales"],"jetpack_publicize_connections":[],"jetpack_featured_media_url":"https:\/\/laurbedigital.com.ar\/noticias\/wp-content\/uploads\/2024\/03\/202400319-Milei.jpg","_links":{"self":[{"href":"https:\/\/laurbedigital.com.ar\/noticias\/wp-json\/wp\/v2\/posts\/103118","targetHints":{"allow":["GET"]}}],"collection":[{"href":"https:\/\/laurbedigital.com.ar\/noticias\/wp-json\/wp\/v2\/posts"}],"about":[{"href":"https:\/\/laurbedigital.com.ar\/noticias\/wp-json\/wp\/v2\/types\/post"}],"author":[{"embeddable":true,"href":"https:\/\/laurbedigital.com.ar\/noticias\/wp-json\/wp\/v2\/users\/1"}],"replies":[{"embeddable":true,"href":"https:\/\/laurbedigital.com.ar\/noticias\/wp-json\/wp\/v2\/comments?post=103118"}],"version-history":[{"count":1,"href":"https:\/\/laurbedigital.com.ar\/noticias\/wp-json\/wp\/v2\/posts\/103118\/revisions"}],"predecessor-version":[{"id":103120,"href":"https:\/\/laurbedigital.com.ar\/noticias\/wp-json\/wp\/v2\/posts\/103118\/revisions\/103120"}],"wp:featuredmedia":[{"embeddable":true,"href":"https:\/\/laurbedigital.com.ar\/noticias\/wp-json\/wp\/v2\/media\/103119"}],"wp:attachment":[{"href":"https:\/\/laurbedigital.com.ar\/noticias\/wp-json\/wp\/v2\/media?parent=103118"}],"wp:term":[{"taxonomy":"category","embeddable":true,"href":"https:\/\/laurbedigital.com.ar\/noticias\/wp-json\/wp\/v2\/categories?post=103118"},{"taxonomy":"post_tag","embeddable":true,"href":"https:\/\/laurbedigital.com.ar\/noticias\/wp-json\/wp\/v2\/tags?post=103118"}],"curies":[{"name":"wp","href":"https:\/\/api.w.org\/{rel}","templated":true}]}}