{"id":103115,"date":"2024-03-18T21:59:31","date_gmt":"2024-03-19T00:59:31","guid":{"rendered":"https:\/\/laurbedigital.com.ar\/noticias\/?p=103115"},"modified":"2024-03-18T22:00:04","modified_gmt":"2024-03-19T01:00:04","slug":"detenidos-los-cuatro-futbolistas-de-velez-acusados-de-abuso-sexual","status":"publish","type":"post","link":"https:\/\/laurbedigital.com.ar\/noticias\/2024\/03\/18\/detenidos-los-cuatro-futbolistas-de-velez-acusados-de-abuso-sexual\/","title":{"rendered":"Quedaron detenidos los cuatro futbolistas de V\u00e9lez acusados de abuso sexual"},"content":{"rendered":"<p>Este lunes, los tribunales de San Miguel de Tucum\u00e1n presenciaron un suceso impactante en el \u00e1mbito del f\u00fatbol argentino. Sebasti\u00e1n Sosa, Braian Cufr\u00e9, Abiel Osorio y Jos\u00e9 Florentin Bobadilla, futbolistas del reconocido club V\u00e9lez Sarsfield, fueron detenidos luego de que la fiscal Eugenia Mar\u00eda Posse tomara medidas tras la declaraci\u00f3n de la denunciante en C\u00e1mara Gesell.<\/p>\n<p>La decisi\u00f3n de arrestar a los jugadores fue tomada luego de que la denunciante, una joven periodista de 24 a\u00f1os, brindara su testimonio en C\u00e1mara Gesell. Juan Robles, uno de los abogados de la v\u00edctima, inform\u00f3 que tras la sesi\u00f3n, la fiscal les solicit\u00f3 a los imputados entregar sus tel\u00e9fonos celulares para investigaci\u00f3n y someterse voluntariamente a un an\u00e1lisis de ADN, condiciones que aceptaron.<\/p>\n<p>En relaci\u00f3n al proceso, Robles a\u00f1adi\u00f3: \u00abCon posterioridad, la fiscal comunic\u00f3 que las cuatro personas que hab\u00edan venido para este acto procesal en calidad de imputadas iban a quedar en car\u00e1cter de aprehendidas\u00bb.<\/p>\n<p>La causa, que enfrenta a los futbolistas con cargos de \u00ababuso sexual con acceso carnal agravado por dos o m\u00e1s personas\u00bb, ahora est\u00e1 bajo escrutinio judicial. Las pr\u00f3ximas 48 horas ser\u00e1n cruciales para determinar el curso de acci\u00f3n respecto a los implicados.<\/p>\n<p>A pesar de que los cuatro jugadores est\u00e1n bajo acusaci\u00f3n, se destaca la posible implicaci\u00f3n secundaria del arquero Sebasti\u00e1n Sosa, quien habr\u00eda sido el responsable de invitar a la denunciante al hotel donde se alojaba el equipo luego de un encuentro. El club V\u00e9lez Sarsfield suspendi\u00f3 los contratos de los futbolistas y ha iniciado un sumario interno para abordar el caso.<\/p>\n<p>Los hechos que llevaron a esta situaci\u00f3n ocurrieron a principios de marzo, tras un partido entre V\u00e9lez y Atl\u00e9tico Tucum\u00e1n. Seg\u00fan relat\u00f3 la denunciante, recibi\u00f3 una invitaci\u00f3n v\u00eda Instagram para encontrarse en el Hotel Hilton, a la que accedi\u00f3. Al llegar al lugar, se encontr\u00f3 con Sosa, Cufr\u00e9, Osorio y Florentin, con quienes comparti\u00f3 bebidas alcoh\u00f3licas.<\/p>\n<p>La denuncia detalla que, tras ingerir las bebidas, la joven se sinti\u00f3 mareada y fue abusada sexualmente sin su consentimiento. Cerca de las 05:30 a.m., pudo pedir un servicio de transporte para regresar a su domicilio.<\/p>\n<p>El esc\u00e1ndalo que envuelve a V\u00e9lez Sarsfield y a cuatro de sus futbolistas ha sacudido al mundo del f\u00fatbol argentino. Mientras las autoridades judiciales toman cartas en el asunto, el club ha optado por suspender los contratos de los implicados y ha iniciado una investigaci\u00f3n interna para esclarecer los hechos y tomar las medidas pertinentes. El impacto de este caso se sentir\u00e1 tanto en el \u00e1mbito deportivo como en el social, evidenciando la necesidad de abordar con seriedad y celeridad las denuncias de abuso sexual en cualquier contexto.<\/p>\n","protected":false},"excerpt":{"rendered":"<p>Este lunes, los tribunales de San Miguel de Tucum\u00e1n presenciaron un suceso impactante en el \u00e1mbito del f\u00fatbol argentino. Sebasti\u00e1n<\/p>\n","protected":false},"author":1,"featured_media":102843,"comment_status":"closed","ping_status":"closed","sticky":false,"template":"","format":"standard","meta":{"kia_subtitle":"Sebasti\u00e1n Sosa, Braian Cufr\u00e9, Abiel Osorio y Jos\u00e9 Florentin Bobadilla, jugadores de V\u00e9lez Sarsfield, fueron arrestados por acusaciones de abuso sexual. La fiscal\u00eda tom\u00f3 medidas tras la declaraci\u00f3n de la denunciante.","footnotes":"","jetpack_publicize_message":"","jetpack_publicize_feature_enabled":true,"jetpack_social_post_already_shared":true,"jetpack_social_options":{"image_generator_settings":{"template":"highway","default_image_id":0,"font":"","enabled":false},"version":2}},"categories":[8],"tags":[],"class_list":["post-103115","post","type-post","status-publish","format-standard","has-post-thumbnail","hentry","category-policiales"],"jetpack_publicize_connections":[],"jetpack_featured_media_url":"https:\/\/laurbedigital.com.ar\/noticias\/wp-content\/uploads\/2024\/03\/202400310-Velez.jpg","_links":{"self":[{"href":"https:\/\/laurbedigital.com.ar\/noticias\/wp-json\/wp\/v2\/posts\/103115","targetHints":{"allow":["GET"]}}],"collection":[{"href":"https:\/\/laurbedigital.com.ar\/noticias\/wp-json\/wp\/v2\/posts"}],"about":[{"href":"https:\/\/laurbedigital.com.ar\/noticias\/wp-json\/wp\/v2\/types\/post"}],"author":[{"embeddable":true,"href":"https:\/\/laurbedigital.com.ar\/noticias\/wp-json\/wp\/v2\/users\/1"}],"replies":[{"embeddable":true,"href":"https:\/\/laurbedigital.com.ar\/noticias\/wp-json\/wp\/v2\/comments?post=103115"}],"version-history":[{"count":2,"href":"https:\/\/laurbedigital.com.ar\/noticias\/wp-json\/wp\/v2\/posts\/103115\/revisions"}],"predecessor-version":[{"id":103117,"href":"https:\/\/laurbedigital.com.ar\/noticias\/wp-json\/wp\/v2\/posts\/103115\/revisions\/103117"}],"wp:featuredmedia":[{"embeddable":true,"href":"https:\/\/laurbedigital.com.ar\/noticias\/wp-json\/wp\/v2\/media\/102843"}],"wp:attachment":[{"href":"https:\/\/laurbedigital.com.ar\/noticias\/wp-json\/wp\/v2\/media?parent=103115"}],"wp:term":[{"taxonomy":"category","embeddable":true,"href":"https:\/\/laurbedigital.com.ar\/noticias\/wp-json\/wp\/v2\/categories?post=103115"},{"taxonomy":"post_tag","embeddable":true,"href":"https:\/\/laurbedigital.com.ar\/noticias\/wp-json\/wp\/v2\/tags?post=103115"}],"curies":[{"name":"wp","href":"https:\/\/api.w.org\/{rel}","templated":true}]}}