{"id":102898,"date":"2024-03-11T17:59:21","date_gmt":"2024-03-11T20:59:21","guid":{"rendered":"https:\/\/laurbedigital.com.ar\/noticias\/?p=102898"},"modified":"2024-03-11T18:25:09","modified_gmt":"2024-03-11T21:25:09","slug":"provincia-y-municipio-anunciaron-una-nueva-vacuna-obligatoria-para-personas-gestantes","status":"publish","type":"post","link":"https:\/\/laurbedigital.com.ar\/noticias\/2024\/03\/11\/provincia-y-municipio-anunciaron-una-nueva-vacuna-obligatoria-para-personas-gestantes\/","title":{"rendered":"Provincia y Municipio anunciaron una nueva vacuna obligatoria para personas gestantes"},"content":{"rendered":"<p>El Gobierno de la Provincia de Buenos Aires y el Municipio de Almirante Brown anunciaron que la vacuna para personas gestantes contra el Virus Sincicial Respiratorio (VSR), principal causante de bronquiolitis, se suma al Calendario Nacional de Vacunaci\u00f3n.<\/p>\n<p>Esta nueva vacuna est\u00e1 disponible desde el 1\u00b0 de marzo en todos los vacunatorios provinciales y Centros de Atenci\u00f3n Primaria de la Salud (CAPS) de forma gratuita con el objetivo de prevenir este virus que es la primera causa de bronquiolitis que afecta principalmente a menores de un a\u00f1o.<\/p>\n<p>En este sentido, su aplicaci\u00f3n durante el embarazo previene las formas graves de bronquiolitis en los primeros meses de vida de las y los beb\u00e9s, ya que los anticuerpos de la vacuna se transmiten a trav\u00e9s de la placenta y la lactancia, protegiendo a las y los reci\u00e9n nacidos.<\/p>\n<p>La nueva vacuna est\u00e1 indicada para personas gestantes entre la semana 32 y la semana 36 y la misma se puede aplicar junto a otras vacunas del embarazo.<\/p>\n<h6><strong>El intendente Mariano Cascallares recomend\u00f3 a las gestantes acercarse al sistema sanitario e inmunizarse para que les brinde toda la informaci\u00f3n y puedan inmunizarse como lo manda el Calendario Nacional de Vacunaci\u00f3n.<\/strong><\/h6>\n<p>Finalmente, desde la Secretar\u00eda de Salud precisaron que esta nueva dosis se coloca en los meses de marzo a julio debido al mayor aumento de circulaci\u00f3n del virus y que con una sola aplicaci\u00f3n ya se protege a los y las beb\u00e9s.<\/p>\n","protected":false},"excerpt":{"rendered":"<p>El Gobierno de la Provincia de Buenos Aires y el Municipio de Almirante Brown anunciaron que la vacuna para personas<\/p>\n","protected":false},"author":1,"featured_media":102900,"comment_status":"closed","ping_status":"closed","sticky":false,"template":"","format":"standard","meta":{"kia_subtitle":"Provincia y Municipio incorporan una nueva vacuna obligatoria para personas gestantes: la del Virus Sincicial Respiratorio. Disponible desde el 1\u00b0 de marzo, se suma al Calendario Nacional de Vacunaci\u00f3n para prevenir bronquiolitis en beb\u00e9s.","footnotes":"","jetpack_publicize_message":"","jetpack_publicize_feature_enabled":true,"jetpack_social_post_already_shared":true,"jetpack_social_options":{"image_generator_settings":{"template":"highway","default_image_id":0,"font":"","enabled":false},"version":2}},"categories":[2,33],"tags":[],"class_list":["post-102898","post","type-post","status-publish","format-standard","has-post-thumbnail","hentry","category-alte-brown","category-alte-brown-alte-brown"],"jetpack_publicize_connections":[],"jetpack_featured_media_url":"https:\/\/laurbedigital.com.ar\/noticias\/wp-content\/uploads\/2024\/03\/202400312-Brown-vacuna1.jpg","_links":{"self":[{"href":"https:\/\/laurbedigital.com.ar\/noticias\/wp-json\/wp\/v2\/posts\/102898","targetHints":{"allow":["GET"]}}],"collection":[{"href":"https:\/\/laurbedigital.com.ar\/noticias\/wp-json\/wp\/v2\/posts"}],"about":[{"href":"https:\/\/laurbedigital.com.ar\/noticias\/wp-json\/wp\/v2\/types\/post"}],"author":[{"embeddable":true,"href":"https:\/\/laurbedigital.com.ar\/noticias\/wp-json\/wp\/v2\/users\/1"}],"replies":[{"embeddable":true,"href":"https:\/\/laurbedigital.com.ar\/noticias\/wp-json\/wp\/v2\/comments?post=102898"}],"version-history":[{"count":3,"href":"https:\/\/laurbedigital.com.ar\/noticias\/wp-json\/wp\/v2\/posts\/102898\/revisions"}],"predecessor-version":[{"id":102902,"href":"https:\/\/laurbedigital.com.ar\/noticias\/wp-json\/wp\/v2\/posts\/102898\/revisions\/102902"}],"wp:featuredmedia":[{"embeddable":true,"href":"https:\/\/laurbedigital.com.ar\/noticias\/wp-json\/wp\/v2\/media\/102900"}],"wp:attachment":[{"href":"https:\/\/laurbedigital.com.ar\/noticias\/wp-json\/wp\/v2\/media?parent=102898"}],"wp:term":[{"taxonomy":"category","embeddable":true,"href":"https:\/\/laurbedigital.com.ar\/noticias\/wp-json\/wp\/v2\/categories?post=102898"},{"taxonomy":"post_tag","embeddable":true,"href":"https:\/\/laurbedigital.com.ar\/noticias\/wp-json\/wp\/v2\/tags?post=102898"}],"curies":[{"name":"wp","href":"https:\/\/api.w.org\/{rel}","templated":true}]}}