{"id":102580,"date":"2024-03-01T12:10:47","date_gmt":"2024-03-01T15:10:47","guid":{"rendered":"https:\/\/laurbedigital.com.ar\/noticias\/?p=102580"},"modified":"2024-03-01T12:10:47","modified_gmt":"2024-03-01T15:10:47","slug":"vuelve-la-feria-de-productores-rurales-a-la-granja-con-propuestas-gastronomicas-y-actividades-para-toda-la-familia","status":"publish","type":"post","link":"https:\/\/laurbedigital.com.ar\/noticias\/2024\/03\/01\/vuelve-la-feria-de-productores-rurales-a-la-granja-con-propuestas-gastronomicas-y-actividades-para-toda-la-familia\/","title":{"rendered":"Vuelve la Feria de Productores Rurales a la granja\u00a0con propuestas gastron\u00f3micas y actividades para toda la familia\u00a0"},"content":{"rendered":"<div>\n<p>El Municipio de Almirante Brown inform\u00f3 que este s\u00e1bado 2 de marzo vuelve la\u00a0Feria\u00a0de\u00a0Productores\u00a0<wbr \/>Locales\u00a0a la Granja Educativa Municipal de Ministro Rivadavia con m\u00e1s productos a precios accesibles, shows en vivo y descuentos para todos los vecinos y vecinas de nuestro distrito.<\/p>\n<p>La propuesta se extender\u00e1 de 10 a 17 horas en el predio ubicado en Juan B. Justo N\u00b0 1000 e incluir\u00e1 la presencia de la Feria MIPYME y las Peque\u00f1as Unidades Productivas Alimenticias (PUPA) de Almirante Brown, adem\u00e1s de espect\u00e1culos, actividades para los ni\u00f1os y ni\u00f1as y visitas guiadas.<\/p>\n<h6><strong>\u00abEstamos muy contentos porque en marzo volvemos con nuestra querida Feria de Productores Rurales a la Granja Educativa Municipal de Ministro Rivadavia incluyendo una amplia variedad de productos regionales a muy buenos precios, adem\u00e1s de muchas actividades y shows en vivo para disfrutar en familia\u201d, destac\u00f3 el intendente Mariano Cascallares.<\/p>\n<p><img loading=\"lazy\" decoding=\"async\" class=\"alignnone size-full wp-image-102584\" src=\"https:\/\/laurbedigital.com.ar\/noticias\/wp-content\/uploads\/2024\/03\/202400301-Brown-feria3.jpg\" alt=\"\" width=\"768\" height=\"428\" title=\"\" srcset=\"https:\/\/laurbedigital.com.ar\/noticias\/wp-content\/uploads\/2024\/03\/202400301-Brown-feria3.jpg 768w, https:\/\/laurbedigital.com.ar\/noticias\/wp-content\/uploads\/2024\/03\/202400301-Brown-feria3-300x167.jpg 300w\" sizes=\"auto, (max-width: 768px) 100vw, 768px\" \/><br \/>\n<\/strong><\/h6>\n<p>Durante toda la jornada habr\u00e1, adem\u00e1s, propuestas gastron\u00f3micas para todos los gustos, un sector de parrillas y tambi\u00e9n descuentos y promociones en los productos locales.<\/p>\n<div>Se destac\u00f3 que en la\u00a0feria, que es promovida a trav\u00e9s de la Secretar\u00eda de Producci\u00f3n, Empleo y Formaci\u00f3n Profesional del Municipio, se podr\u00e1n adquirir frutas y verduras, quesos, embutidos, huevos de campo, dulces y conservas, plantas y suculentas, granolas y mix saludables, alfajores artesanales, panader\u00eda artesanal, pan y facturas, entre otros.<\/div>\n<p dir=\"ltr\">\n<\/div>\n<div class=\"yj6qo\"><\/div>\n<div class=\"adL\"><\/div>\n","protected":false},"excerpt":{"rendered":"<p>El Municipio de Almirante Brown inform\u00f3 que este s\u00e1bado 2 de marzo vuelve la\u00a0Feria\u00a0de\u00a0Productores\u00a0Locales\u00a0a la Granja Educativa Municipal de Ministro<\/p>\n","protected":false},"author":1,"featured_media":102581,"comment_status":"closed","ping_status":"closed","sticky":false,"template":"","format":"standard","meta":{"kia_subtitle":"La Feria de Productores Rurales regresa a la granja, desplegando su encanto con una propuesta gastron\u00f3mica tentadora y actividades para toda la familia.","footnotes":"","jetpack_publicize_message":"","jetpack_publicize_feature_enabled":true,"jetpack_social_post_already_shared":true,"jetpack_social_options":{"image_generator_settings":{"template":"highway","default_image_id":0,"font":"","enabled":false},"version":2}},"categories":[2,33,250],"tags":[],"class_list":["post-102580","post","type-post","status-publish","format-standard","has-post-thumbnail","hentry","category-alte-brown","category-alte-brown-alte-brown","category-ministro-rivadavia"],"jetpack_publicize_connections":[],"jetpack_featured_media_url":"https:\/\/laurbedigital.com.ar\/noticias\/wp-content\/uploads\/2024\/03\/202400301-Brown-feria.jpg","_links":{"self":[{"href":"https:\/\/laurbedigital.com.ar\/noticias\/wp-json\/wp\/v2\/posts\/102580","targetHints":{"allow":["GET"]}}],"collection":[{"href":"https:\/\/laurbedigital.com.ar\/noticias\/wp-json\/wp\/v2\/posts"}],"about":[{"href":"https:\/\/laurbedigital.com.ar\/noticias\/wp-json\/wp\/v2\/types\/post"}],"author":[{"embeddable":true,"href":"https:\/\/laurbedigital.com.ar\/noticias\/wp-json\/wp\/v2\/users\/1"}],"replies":[{"embeddable":true,"href":"https:\/\/laurbedigital.com.ar\/noticias\/wp-json\/wp\/v2\/comments?post=102580"}],"version-history":[{"count":2,"href":"https:\/\/laurbedigital.com.ar\/noticias\/wp-json\/wp\/v2\/posts\/102580\/revisions"}],"predecessor-version":[{"id":102586,"href":"https:\/\/laurbedigital.com.ar\/noticias\/wp-json\/wp\/v2\/posts\/102580\/revisions\/102586"}],"wp:featuredmedia":[{"embeddable":true,"href":"https:\/\/laurbedigital.com.ar\/noticias\/wp-json\/wp\/v2\/media\/102581"}],"wp:attachment":[{"href":"https:\/\/laurbedigital.com.ar\/noticias\/wp-json\/wp\/v2\/media?parent=102580"}],"wp:term":[{"taxonomy":"category","embeddable":true,"href":"https:\/\/laurbedigital.com.ar\/noticias\/wp-json\/wp\/v2\/categories?post=102580"},{"taxonomy":"post_tag","embeddable":true,"href":"https:\/\/laurbedigital.com.ar\/noticias\/wp-json\/wp\/v2\/tags?post=102580"}],"curies":[{"name":"wp","href":"https:\/\/api.w.org\/{rel}","templated":true}]}}