{"id":102378,"date":"2024-02-23T03:16:12","date_gmt":"2024-02-23T06:16:12","guid":{"rendered":"https:\/\/laurbedigital.com.ar\/noticias\/?p=102378"},"modified":"2024-02-23T03:16:54","modified_gmt":"2024-02-23T06:16:54","slug":"el-dengue-se-esta-volviendo-una-enfermedad-endemica-en-todo-el-pais-segun-especialistas","status":"publish","type":"post","link":"https:\/\/laurbedigital.com.ar\/noticias\/2024\/02\/23\/el-dengue-se-esta-volviendo-una-enfermedad-endemica-en-todo-el-pais-segun-especialistas\/","title":{"rendered":"El dengue \u00abse est\u00e1 volviendo una enfermedad end\u00e9mica en todo el pa\u00eds\u00bb, seg\u00fan especialistas"},"content":{"rendered":"<p>La propagaci\u00f3n del dengue en Argentina se acelera, con casos confirmados aumentando de manera significativa en el \u00faltimo a\u00f1o. Expertos advierten sobre la posibilidad de que la enfermedad se vuelva end\u00e9mica en todo el pa\u00eds, a excepci\u00f3n de la Patagonia. Este fen\u00f3meno sorprendente requiere medidas urgentes.<\/p>\n<p>En el \u00faltimo a\u00f1o, los casos de dengue en Argentina han crecido de menos de 1.000 a m\u00e1s de 48.000, desafiando las expectativas y generando preocupaci\u00f3n. La infect\u00f3loga Leda Guzzi destaca un cambio significativo: por primera vez, se notificaron casos durante el invierno, marcando un hito en la historia de la enfermedad en el pa\u00eds.<\/p>\n<p><strong>Causas del avance:<\/strong> El cambio clim\u00e1tico se se\u00f1ala como responsable del avance del dengue, permitiendo condiciones m\u00e1s favorables para la supervivencia del mosquito Aedes aegypti. Este vector del dengue ha expandido su presencia desde el noroeste y noreste hacia la Regi\u00f3n Central y de Cuyo.<\/p>\n<p><strong>Prevenci\u00f3n comunitaria:<\/strong> La estrategia clave sigue siendo el \u00abdescacharreo\u00bb, una acci\u00f3n colectiva para eliminar criaderos del mosquito Aedes. La conciencia y la acci\u00f3n comunitaria son esenciales para frenar la propagaci\u00f3n del dengue.<\/p>\n<p><strong>S\u00edntomas y cuidados:<\/strong> Solo el 20-30% de los afectados presenta s\u00edntomas al buscar atenci\u00f3n m\u00e9dica. Estos pueden incluir fiebre elevada, dolores corporales intensos, dolor de cabeza, articular y detr\u00e1s de los ojos, junto con n\u00e1useas y v\u00f3mitos. El hemograma es crucial para evaluar al paciente, y la hidrataci\u00f3n adecuada es fundamental.<\/p>\n<p>La propagaci\u00f3n acelerada del dengue en Argentina exige una respuesta colectiva. La conciencia, la prevenci\u00f3n y la eliminaci\u00f3n de criaderos son nuestras armas contra esta propagaci\u00f3n sin precedentes. Mantente informado y protegido. \u00a1La lucha contra el dengue es responsabilidad de todos!<\/p>\n","protected":false},"excerpt":{"rendered":"<p>La propagaci\u00f3n del dengue en Argentina se acelera, con casos confirmados aumentando de manera significativa en el \u00faltimo a\u00f1o. Expertos<\/p>\n","protected":false},"author":1,"featured_media":101055,"comment_status":"closed","ping_status":"closed","sticky":false,"template":"","format":"standard","meta":{"kia_subtitle":"Los casos de dengue aumentan exponencialmente en Argentina. Descubre c\u00f3mo protegerte con estas claves esenciales.","footnotes":"","jetpack_publicize_message":"","jetpack_publicize_feature_enabled":true,"jetpack_social_post_already_shared":true,"jetpack_social_options":{"image_generator_settings":{"template":"highway","default_image_id":0,"font":"","enabled":false},"version":2}},"categories":[3,41,70],"tags":[],"class_list":["post-102378","post","type-post","status-publish","format-standard","has-post-thumbnail","hentry","category-actualidad","category-nacionales","category-salud"],"jetpack_publicize_connections":[],"jetpack_featured_media_url":"https:\/\/laurbedigital.com.ar\/noticias\/wp-content\/uploads\/2024\/01\/20240116-dengue-copia.jpg","_links":{"self":[{"href":"https:\/\/laurbedigital.com.ar\/noticias\/wp-json\/wp\/v2\/posts\/102378","targetHints":{"allow":["GET"]}}],"collection":[{"href":"https:\/\/laurbedigital.com.ar\/noticias\/wp-json\/wp\/v2\/posts"}],"about":[{"href":"https:\/\/laurbedigital.com.ar\/noticias\/wp-json\/wp\/v2\/types\/post"}],"author":[{"embeddable":true,"href":"https:\/\/laurbedigital.com.ar\/noticias\/wp-json\/wp\/v2\/users\/1"}],"replies":[{"embeddable":true,"href":"https:\/\/laurbedigital.com.ar\/noticias\/wp-json\/wp\/v2\/comments?post=102378"}],"version-history":[{"count":2,"href":"https:\/\/laurbedigital.com.ar\/noticias\/wp-json\/wp\/v2\/posts\/102378\/revisions"}],"predecessor-version":[{"id":102380,"href":"https:\/\/laurbedigital.com.ar\/noticias\/wp-json\/wp\/v2\/posts\/102378\/revisions\/102380"}],"wp:featuredmedia":[{"embeddable":true,"href":"https:\/\/laurbedigital.com.ar\/noticias\/wp-json\/wp\/v2\/media\/101055"}],"wp:attachment":[{"href":"https:\/\/laurbedigital.com.ar\/noticias\/wp-json\/wp\/v2\/media?parent=102378"}],"wp:term":[{"taxonomy":"category","embeddable":true,"href":"https:\/\/laurbedigital.com.ar\/noticias\/wp-json\/wp\/v2\/categories?post=102378"},{"taxonomy":"post_tag","embeddable":true,"href":"https:\/\/laurbedigital.com.ar\/noticias\/wp-json\/wp\/v2\/tags?post=102378"}],"curies":[{"name":"wp","href":"https:\/\/api.w.org\/{rel}","templated":true}]}}