{"id":102071,"date":"2024-02-13T03:41:24","date_gmt":"2024-02-13T06:41:24","guid":{"rendered":"https:\/\/laurbedigital.com.ar\/noticias\/?p=102071"},"modified":"2024-02-13T03:41:24","modified_gmt":"2024-02-13T06:41:24","slug":"martes-13-entre-la-mistica-y-la-realidad","status":"publish","type":"post","link":"https:\/\/laurbedigital.com.ar\/noticias\/2024\/02\/13\/martes-13-entre-la-mistica-y-la-realidad\/","title":{"rendered":"Martes 13: Entre la m\u00edstica y la realidad"},"content":{"rendered":"<p>El Martes 13, una fecha que despierta temores y supersticiones desde tiempos inmemorables, vuelve a marcar presencia en nuestros calendarios. Para muchos, este d\u00eda conlleva una carga de superstici\u00f3n que ha perdurado a lo largo de generaciones. \u00bfEs el Martes 13 un d\u00eda de mala suerte genuina o simplemente una creencia arraigada en nuestras mentes?<\/p>\n<h4><strong>Desafiando la suerte: Mitos y creencias:<\/strong><\/h4>\n<p><strong>El Origen de la Triscaidecafobia<\/strong><\/p>\n<p>El miedo al Martes 13 tiene sus ra\u00edces en la combinaci\u00f3n de dos supersticiones: el n\u00famero 13 y el d\u00eda martes. La triscaidecafobia, el miedo al n\u00famero 13, tiene sus or\u00edgenes en antiguas creencias donde algunas culturas asociaban este n\u00famero con eventos desafortunados. La elecci\u00f3n del martes como d\u00eda de mala suerte se basa en la creencia de que fue el d\u00eda en que se llev\u00f3 a cabo la construcci\u00f3n de la Torre de Babel.<\/p>\n<p><strong>Mitolog\u00eda y culturas: Un reflejo del pasado<\/strong><\/p>\n<p>En la mitolog\u00eda n\u00f3rdica, el martes est\u00e1 vinculado al dios de la guerra, Marte, mientras que en la cultura griega, se asocia con Ares, tambi\u00e9n dios de la guerra. Esta combinaci\u00f3n ha dado lugar a una serie de supersticiones que persisten en la actualidad.<\/p>\n<h4><strong>Martes 13 en la cultura popular:<\/strong><\/h4>\n<p><strong>Cine y folklore: Alimentando el miedo<\/strong><\/p>\n<p>El Martes 13 ha dejado su huella en la cultura popular, especialmente en el cine de terror. La famosa saga \u00abViernes 13\u00bb ha contribuido a consolidar la idea de que el d\u00eda martes puede traer consigo situaciones aterradoras. Esta influencia ha reforzado las creencias supersticiosas y ha generado una industria en torno a la exploraci\u00f3n de los miedos asociados con este d\u00eda.<\/p>\n<p><strong>Fen\u00f3menos curiosos: El martes 13 y sus efectos<\/strong><\/p>\n<p>Aunque muchos descartan las supersticiones como meras creencias infundadas, algunos estudios indican que, en ciertas partes del mundo, la actividad econ\u00f3mica disminuye los Martes 13 debido a la precauci\u00f3n y ansiedad asociadas con la fecha. Se registran menos transacciones comerciales y algunos hospitales informan una menor cantidad de pacientes en comparaci\u00f3n con otros d\u00edas de la semana.<\/p>\n<p><strong>M\u00e1s all\u00e1 de la superstici\u00f3n:<\/strong><\/p>\n<p><strong>Desafiando la creencia popular<\/strong><\/p>\n<p>A pesar de las supersticiones en torno al Martes 13, muchos desaf\u00edan conscientemente estas creencias y llevan a cabo sus actividades cotidianas sin temor. La realidad es que la superstici\u00f3n es subjetiva, y la interpretaci\u00f3n de este d\u00eda como \u00abmaldito\u00bb var\u00eda seg\u00fan las culturas y las experiencias personales.<\/p>\n<h4><strong>El pr\u00f3ximo martes 13: Oportunidad para desafiar mitos<\/strong><\/h4>\n<p>En \u00faltima instancia, el Martes 13 brinda una oportunidad \u00fanica para reflexionar sobre nuestras propias creencias y superar los temores irracionales. Ya sea que optemos por enfrentar el d\u00eda con valent\u00eda o simplemente ignorar las supersticiones, el Martes 13 seguir\u00e1 siendo un fen\u00f3meno cultural que despierta curiosidad y debate en todo el pa\u00eds.<\/p>\n","protected":false},"excerpt":{"rendered":"<p>El Martes 13, una fecha que despierta temores y supersticiones desde tiempos inmemorables, vuelve a marcar presencia en nuestros calendarios.<\/p>\n","protected":false},"author":1,"featured_media":102072,"comment_status":"closed","ping_status":"closed","sticky":false,"template":"","format":"standard","meta":{"kia_subtitle":"Un d\u00eda que despierta creencias arraigadas","footnotes":"","jetpack_publicize_message":"","jetpack_publicize_feature_enabled":true,"jetpack_social_post_already_shared":true,"jetpack_social_options":{"image_generator_settings":{"template":"highway","default_image_id":0,"font":"","enabled":false},"version":2}},"categories":[3,15],"tags":[],"class_list":["post-102071","post","type-post","status-publish","format-standard","has-post-thumbnail","hentry","category-actualidad","category-tendencias"],"jetpack_publicize_connections":[],"jetpack_featured_media_url":"https:\/\/laurbedigital.com.ar\/noticias\/wp-content\/uploads\/2024\/02\/20240213-Martes-13.jpg","_links":{"self":[{"href":"https:\/\/laurbedigital.com.ar\/noticias\/wp-json\/wp\/v2\/posts\/102071","targetHints":{"allow":["GET"]}}],"collection":[{"href":"https:\/\/laurbedigital.com.ar\/noticias\/wp-json\/wp\/v2\/posts"}],"about":[{"href":"https:\/\/laurbedigital.com.ar\/noticias\/wp-json\/wp\/v2\/types\/post"}],"author":[{"embeddable":true,"href":"https:\/\/laurbedigital.com.ar\/noticias\/wp-json\/wp\/v2\/users\/1"}],"replies":[{"embeddable":true,"href":"https:\/\/laurbedigital.com.ar\/noticias\/wp-json\/wp\/v2\/comments?post=102071"}],"version-history":[{"count":2,"href":"https:\/\/laurbedigital.com.ar\/noticias\/wp-json\/wp\/v2\/posts\/102071\/revisions"}],"predecessor-version":[{"id":102074,"href":"https:\/\/laurbedigital.com.ar\/noticias\/wp-json\/wp\/v2\/posts\/102071\/revisions\/102074"}],"wp:featuredmedia":[{"embeddable":true,"href":"https:\/\/laurbedigital.com.ar\/noticias\/wp-json\/wp\/v2\/media\/102072"}],"wp:attachment":[{"href":"https:\/\/laurbedigital.com.ar\/noticias\/wp-json\/wp\/v2\/media?parent=102071"}],"wp:term":[{"taxonomy":"category","embeddable":true,"href":"https:\/\/laurbedigital.com.ar\/noticias\/wp-json\/wp\/v2\/categories?post=102071"},{"taxonomy":"post_tag","embeddable":true,"href":"https:\/\/laurbedigital.com.ar\/noticias\/wp-json\/wp\/v2\/tags?post=102071"}],"curies":[{"name":"wp","href":"https:\/\/api.w.org\/{rel}","templated":true}]}}