{"id":101021,"date":"2024-01-16T01:27:47","date_gmt":"2024-01-16T04:27:47","guid":{"rendered":"https:\/\/laurbedigital.com.ar\/noticias\/?p=101021"},"modified":"2024-01-16T01:27:47","modified_gmt":"2024-01-16T04:27:47","slug":"los-casos-de-covid-se-duplicaron-la-ultima-semana-en-el-pais","status":"publish","type":"post","link":"https:\/\/laurbedigital.com.ar\/noticias\/2024\/01\/16\/los-casos-de-covid-se-duplicaron-la-ultima-semana-en-el-pais\/","title":{"rendered":"Los casos de Covid se duplicaron la \u00faltima semana en el pa\u00eds"},"content":{"rendered":"<p><strong>El promedio de casos diarios de Covid-19 notificados a nivel nacional pas\u00f3 de 268 en la semana primera semana de enero a 472 la semana pasada, impulsados por la subvariante JN.1<\/strong>\u00a0que est\u00e1 causando una ola a nivel mundial, lo que especialistas consideran que no es para \u00abpreocuparse\u00bb pero ratifica la necesidad de sostener vacunaci\u00f3n y tomar medidas de prevenci\u00f3n como la ventilaci\u00f3n.<\/p>\n<p><strong>\u00abDe un piso de 70 casos diarios promedio que ven\u00edamos a fines del a\u00f1o pasado en pocas semanas lleg\u00f3 a 472 casos diario promedio la semana del 8 al 14 de enero.\u00a0<\/strong>Al tratarse de los casos ordenados por fecha de inicio de s\u00edntomas la cantidad todav\u00eda puede aumentar\u00bb, detall\u00f3 a T\u00e9lam el f\u00edsico e investigador de Conicet Jorge Aliaga.<\/p>\n<p>Al hacer un an\u00e1lisis por jurisdicciones,\u00a0<strong>Aliaga detall\u00f3 que en \u00abCiudad de Buenos Aires se ve un aumento claro: pas\u00f3 en una semana de 23 casos diarios la semana del 1 al 7 de enero a 121 la semana del 8 al 14 de enero<\/strong>, y en\u00a0<strong>Provincia de Buenos Aires aument\u00f3 de 49 casos diarios promedio a 117 en el mismo per\u00edodo\u00bb.<\/strong><\/p>\n<p><strong>\u00abTambi\u00e9n se registr\u00f3 un aumento de las notificaciones en las provincias de Santa Fe, Formosa, Chaco, Jujuy y Salta\u00bb<\/strong>, precis\u00f3.<\/p>\n<p>Por su parte, el m\u00e9dico infect\u00f3logo\u00a0<strong>Mart\u00edn Hojman<\/strong>, quien trabaja en el Hospital Rivadavia de la Ciudad de Buenos Aires, se\u00f1al\u00f3 que<strong>\u00a0\u00abefectivamente vivimos un aumento de internaci\u00f3n de casos de Covid en las \u00faltimas dos y tres semanas\u00a0<\/strong>adem\u00e1s de tener un porcentaje de positividad de m\u00e9todos diagn\u00f3sticos mucho m\u00e1s altos que los habituales\u00bb.<\/p>\n<p>El especialista describi\u00f3 que, no obstante, \u00abla gran mayor\u00eda de las personas transita la infecci\u00f3n con s\u00edntomas leves como dolor de garganta, catarro y algo de tos\u00bb.<\/p>\n<p><strong>\u00abEvidentemente la vacunaci\u00f3n y la cin\u00e9tica de la pandemia, con la mayor\u00eda de la gente inmunizada, tiene que ver con que estos casos hayan sido de esta manera\u00bb<\/strong>; expres\u00f3 y se\u00f1al\u00f3 que \u00abse sabe que la mayor\u00eda del los casos hoy est\u00e1n relacionados a la subvariante JN.1\u00bb.<\/p>\n<h4><strong>La subvadiante JN.A<\/strong><\/h4>\n<p>De acuerdo al \u00faltimo Bolet\u00edn epidemiol\u00f3gico \u00abal 11 de enero de 2024 fueron detectados dos casos confirmados de la variante BA.2.86 y cinco casos de la variante JN.1\u00bb.<\/p>\n<p>La subvariante JN.1, descendiente del linaje BA.2.86, ha sido clasificada por la Organizaci\u00f3n Mundial de la Salud (OMS) como variante de inter\u00e9s el 18 de diciembre de 2023 y se ha vuelto r\u00e1pidamente prevalente en algunos pa\u00edses como Francia, Estados Unidos, Reino Unido, Singapur.<\/p>\n<p>Seg\u00fan la valoraci\u00f3n de riesgo realizada por la OMS, la variante posee una mayor ventaja de crecimiento y se ha convertido en el linaje m\u00e1s frecuente en algunos pa\u00edses de la regi\u00f3n de las Am\u00e9ricas, Europa y Pacifico Occidental.<\/p>\n<h4><strong>Un crecimiento global<\/strong><\/h4>\n<p>La semana pasada,<strong>\u00a0la OMS inform\u00f3 que el n\u00famero de infecciones de Covid-19 estaba en ascenso en todo el mundo<\/strong>, con un aumento del 52% en un mes, y afirm\u00f3 que \u00abse espera que la tendencia contin\u00fae en los pr\u00f3ximos meses de invierno boreal\u00bb.<\/p>\n<p>Los datos m\u00e1s recientes de la agencia sanitaria -que cubren las cuatro semanas del 20 de noviembre al 17 de diciembre de 2023-, mostraron el pronunciado incremento de 850 mil nuevos casos notificados, un 52%, con respecto a los 28 d\u00edas anteriores.<\/p>\n<p>Adem\u00e1s, especific\u00f3 que\u00a0<strong>entre el 13 de noviembre y el 10 de diciembre se registraron m\u00e1s de 118 mil nuevas hospitalizaciones\u00a0<\/strong>por Covi-19 y m\u00e1s de 1.600 nuevos ingresos en unidades de cuidados intensivo, con un aumento general del 23% y el 51% respectivamente en los pa\u00edses que presentan informes sistem\u00e1ticos a la OMS.<\/p>\n<p>Si bien la subvariante JN.1 se considera la causa de estos incrementos, y a pesar de que se convirti\u00f3 r\u00e1pidamente en la m\u00e1s prevalente de los nuevos casos,\u00a0<strong>\u00abla informaci\u00f3n disponible no sugiere que la gravedad de la enfermedad asociada a esta variante sea mayor en comparaci\u00f3n con otras variantes circulantes\u00bb<\/strong>, se\u00f1ala el Bolet\u00edn nacional.<\/p>\n<p>En este contexto, y debido a la coexistencia de Covid con otras infecciones respiratorias causadas por virus como influenza y el sincicial respiratorio,\u00a0<strong>en varios pa\u00edses europeos y en algunos lugares de Estados Unidos se ha reestablecido el uso de barbijos en espacios como hospitales o aeropuertos.<\/strong><\/p>\n<h4><strong>La cobertura en la Argentina<\/strong><\/h4>\n<p>\u00abSi bien la situaci\u00f3n no es para alarmarse a nivel nacional, s\u00ed es muy importante reforzar la vacunaci\u00f3n de Covid seg\u00fan lo indicado: las personas mayores de 50 a\u00f1os o con comorbilidades deber\u00edan aplicarse un refuerzo de la vacuna cada 6 meses; en tanto que el resto de la poblaci\u00f3n deber\u00eda vacunarse una vez por a\u00f1o\u00bb, indic\u00f3 Hojman, miembro de la Sociedad Argentina de Infectolog\u00eda (SADI).<\/p>\n<p>Seg\u00fan inform\u00f3 el Ministerio de Salud, la cobertura total del pa\u00eds con<strong>\u00a0primera dosis es del 93,6%, con bajas coberturas en menores de 3 a\u00f1os y del 100% en mayores de 50 a\u00f1os<\/strong>; las coberturas totales del esquema primario completo (dos dosis o dosis \u00fanica seg\u00fan corresponda) son del 82,4%, siendo del 91% en personas mayores de 18 a\u00f1os.<\/p>\n<p><strong>El total de la poblaci\u00f3n que recibi\u00f3 el primer refuerzo es del 49,6%, siendo alrededor del 75% en los mayores de 50 a\u00f1os;\u00a0<\/strong>en cuanto al segundo refuerzo, la poblaci\u00f3n mayor de 50 a\u00f1os presenta cobertura mayor al 40% y cercanas al 45% cuando se considera a los mayores de 60 a\u00f1os.<\/p>\n<p>La cartera sanitaria alert\u00f3 que al 1 de enero hay 10.526.499 personas de 50 a\u00f1os y m\u00e1s que hace m\u00e1s de 6 meses que no reciben una dosis de refuerzo de vacuna contra Covid-19, \u00ablo que resulta preocupante dado que es la poblaci\u00f3n de mayor riesgo de padecer enfermedad grave\u00bb.<\/p>\n<p>Por su parte, Aliaga enfatiz\u00f3 que\u00a0<strong>\u00abevidentemente hay mucha circulaci\u00f3n del virus; entonces, m\u00e1s all\u00e1 de la vacunaci\u00f3n hay, que recordar que el virus se transmite por aire<\/strong>, por lo que la ventilaci\u00f3n sigue siendo una herramienta clave; en ese sentido, el aire acondicionado no es ventilaci\u00f3n, por lo cual se sugiere abrir las ventanas en espacios cerrados con mucha gente\u00bb.<\/p>\n<p>Tambi\u00e9n el Ministerio de Salud bonaerense ratific\u00f3, a trav\u00e9s de sus redes sociales, la importancia de continuar con los esquemas de vacunaci\u00f3n contra Covid-19 y los refuerzos.<\/p>\n","protected":false},"excerpt":{"rendered":"<p>El promedio de casos diarios de Covid-19 notificados a nivel nacional pas\u00f3 de 268 en la semana primera semana de<\/p>\n","protected":false},"author":1,"featured_media":68718,"comment_status":"closed","ping_status":"closed","sticky":false,"template":"","format":"standard","meta":{"kia_subtitle":"Seg\u00fan las estad\u00edsticas oficiales, en diciembre hab\u00eda 70 casos diarios en promedio y ahora son 472. Tambi\u00e9n hay un aumento de las internaciones.","footnotes":"","jetpack_publicize_message":"","jetpack_publicize_feature_enabled":true,"jetpack_social_post_already_shared":true,"jetpack_social_options":{"image_generator_settings":{"template":"highway","default_image_id":0,"font":"","enabled":false},"version":2}},"categories":[3,41],"tags":[],"class_list":["post-101021","post","type-post","status-publish","format-standard","has-post-thumbnail","hentry","category-actualidad","category-nacionales"],"jetpack_publicize_connections":[],"jetpack_featured_media_url":"https:\/\/laurbedigital.com.ar\/noticias\/wp-content\/uploads\/2022\/01\/20220113-Hisopado.jpg","_links":{"self":[{"href":"https:\/\/laurbedigital.com.ar\/noticias\/wp-json\/wp\/v2\/posts\/101021","targetHints":{"allow":["GET"]}}],"collection":[{"href":"https:\/\/laurbedigital.com.ar\/noticias\/wp-json\/wp\/v2\/posts"}],"about":[{"href":"https:\/\/laurbedigital.com.ar\/noticias\/wp-json\/wp\/v2\/types\/post"}],"author":[{"embeddable":true,"href":"https:\/\/laurbedigital.com.ar\/noticias\/wp-json\/wp\/v2\/users\/1"}],"replies":[{"embeddable":true,"href":"https:\/\/laurbedigital.com.ar\/noticias\/wp-json\/wp\/v2\/comments?post=101021"}],"version-history":[{"count":2,"href":"https:\/\/laurbedigital.com.ar\/noticias\/wp-json\/wp\/v2\/posts\/101021\/revisions"}],"predecessor-version":[{"id":101023,"href":"https:\/\/laurbedigital.com.ar\/noticias\/wp-json\/wp\/v2\/posts\/101021\/revisions\/101023"}],"wp:featuredmedia":[{"embeddable":true,"href":"https:\/\/laurbedigital.com.ar\/noticias\/wp-json\/wp\/v2\/media\/68718"}],"wp:attachment":[{"href":"https:\/\/laurbedigital.com.ar\/noticias\/wp-json\/wp\/v2\/media?parent=101021"}],"wp:term":[{"taxonomy":"category","embeddable":true,"href":"https:\/\/laurbedigital.com.ar\/noticias\/wp-json\/wp\/v2\/categories?post=101021"},{"taxonomy":"post_tag","embeddable":true,"href":"https:\/\/laurbedigital.com.ar\/noticias\/wp-json\/wp\/v2\/tags?post=101021"}],"curies":[{"name":"wp","href":"https:\/\/api.w.org\/{rel}","templated":true}]}}