{"id":10098,"date":"2017-12-02T21:42:14","date_gmt":"2017-12-03T00:42:14","guid":{"rendered":"http:\/\/laurbedigital.com.ar\/noticias\/?p=10098"},"modified":"2017-12-02T21:42:14","modified_gmt":"2017-12-03T00:42:14","slug":"nueva-integrante-la-comunidad-patitas-glew","status":"publish","type":"post","link":"https:\/\/laurbedigital.com.ar\/noticias\/2017\/12\/02\/nueva-integrante-la-comunidad-patitas-glew\/","title":{"rendered":"Nueva integrante de la comunidad Patitas Glew"},"content":{"rendered":"<p>Tras un alerta a la p\u00e1gina, la organizaci\u00f3n recurri\u00f3 a la estaci\u00f3n de Glew para dar con una perra. \u201cLa encontramos aterrada y muy dolorida en el estacionamiento del supermercado Mega ubicado en la calle M\u00e9ndez\u201d, aseguraron desde la organizaci\u00f3n.<\/p>\n<p>A se vez, explicaron que el animal \u201ctard\u00f3 unos minutos hasta que nos tom\u00f3 confianza y sin dudarlo la pudimos acorralar para tratar de ayudarla cuanto antes, presentaba una terrible herida en el muslo inferior, un pedazo de su carne a la vista producto de un desgarro que fue producido por un accidente o ataque entre varios perros\u201d.<\/p>\n<p>Inmediatamente la trasladaron a la veterinaria \u00a0donde fue asistida, limpiaron su herida y le inyectaron: penicilina, antibi\u00f3ticos y antiinflamatorios para su dolor.<\/p>\n<p>\u201cHoy se est\u00e1 recuperando en un hogar de tr\u00e1nsito, gracias a Leandro quien abri\u00f3 las puertas de su hogar para ella, SIN LOS HOGARES DE TR\u00c1NSITO SER\u00cdA IMPOSIBLE SEGUIR AYUDANDO A AQUELLOS PERRITOS EN SITUACI\u00d3N DE CALLE\u201d, afirmaron.<\/p>\n<p>MILA es una perrita de aproximadamente 3 a\u00f1os de vida, \u201ces muy dulce y agradecida. Desde hoy tenemos una nueva misi\u00f3n: hacer todo lo posible para cambiar su mirada\u201d<\/p>\n","protected":false},"excerpt":{"rendered":"<p>Tras un alerta a la p\u00e1gina, la organizaci\u00f3n recurri\u00f3 a la estaci\u00f3n de Glew para dar con una perra. \u201cLa<\/p>\n","protected":false},"author":1,"featured_media":10093,"comment_status":"closed","ping_status":"closed","sticky":false,"template":"","format":"standard","meta":{"kia_subtitle":"","footnotes":"","jetpack_publicize_message":"","jetpack_publicize_feature_enabled":true,"jetpack_social_post_already_shared":true,"jetpack_social_options":{"image_generator_settings":{"template":"highway","default_image_id":0,"font":"","enabled":false},"version":2}},"categories":[15,69],"tags":[],"class_list":["post-10098","post","type-post","status-publish","format-standard","has-post-thumbnail","hentry","category-tendencias","category-mascotas"],"jetpack_publicize_connections":[],"jetpack_featured_media_url":"https:\/\/laurbedigital.com.ar\/noticias\/wp-content\/uploads\/2017\/12\/20171202-brown1.jpg","_links":{"self":[{"href":"https:\/\/laurbedigital.com.ar\/noticias\/wp-json\/wp\/v2\/posts\/10098","targetHints":{"allow":["GET"]}}],"collection":[{"href":"https:\/\/laurbedigital.com.ar\/noticias\/wp-json\/wp\/v2\/posts"}],"about":[{"href":"https:\/\/laurbedigital.com.ar\/noticias\/wp-json\/wp\/v2\/types\/post"}],"author":[{"embeddable":true,"href":"https:\/\/laurbedigital.com.ar\/noticias\/wp-json\/wp\/v2\/users\/1"}],"replies":[{"embeddable":true,"href":"https:\/\/laurbedigital.com.ar\/noticias\/wp-json\/wp\/v2\/comments?post=10098"}],"version-history":[{"count":1,"href":"https:\/\/laurbedigital.com.ar\/noticias\/wp-json\/wp\/v2\/posts\/10098\/revisions"}],"predecessor-version":[{"id":10099,"href":"https:\/\/laurbedigital.com.ar\/noticias\/wp-json\/wp\/v2\/posts\/10098\/revisions\/10099"}],"wp:featuredmedia":[{"embeddable":true,"href":"https:\/\/laurbedigital.com.ar\/noticias\/wp-json\/wp\/v2\/media\/10093"}],"wp:attachment":[{"href":"https:\/\/laurbedigital.com.ar\/noticias\/wp-json\/wp\/v2\/media?parent=10098"}],"wp:term":[{"taxonomy":"category","embeddable":true,"href":"https:\/\/laurbedigital.com.ar\/noticias\/wp-json\/wp\/v2\/categories?post=10098"},{"taxonomy":"post_tag","embeddable":true,"href":"https:\/\/laurbedigital.com.ar\/noticias\/wp-json\/wp\/v2\/tags?post=10098"}],"curies":[{"name":"wp","href":"https:\/\/api.w.org\/{rel}","templated":true}]}}