{"id":100950,"date":"2024-01-15T00:40:08","date_gmt":"2024-01-15T03:40:08","guid":{"rendered":"https:\/\/laurbedigital.com.ar\/noticias\/?p=100950"},"modified":"2024-01-15T00:40:08","modified_gmt":"2024-01-15T03:40:08","slug":"los-14-juicios-por-delitos-de-lesa-humanidad-que-se-retoman-en-febrero","status":"publish","type":"post","link":"https:\/\/laurbedigital.com.ar\/noticias\/2024\/01\/15\/los-14-juicios-por-delitos-de-lesa-humanidad-que-se-retoman-en-febrero\/","title":{"rendered":"Los 14 juicios por delitos de lesa humanidad que se retoman en febrero"},"content":{"rendered":"<p class=\"selectionShareable\">El calendario judicial, que comenzar\u00e1 en febrero de 2024, retomar\u00e1 las audiencias de\u00a0<strong>14 juicios por delitos de lesa humanidad<\/strong>\u00a0cometidos durante la dictadura c\u00edvico militar, al tiempo que est\u00e1 previsto el inicio de otros tres procesos para la primera mitad del a\u00f1o.<\/p>\n<p>De los 14 procesos orales que se desarrollan,\u00a0<strong>cuatro se encuentran en etapa de alegatos<\/strong>\u00a0(\u00abapropiaci\u00f3n de Victoria Donda\u00bb,\u00bbBrigadas\u00bb, \u00abPuente 12- Cuatrerismo-Tramo IV\u00bb y \u00abCaso Oru\u00e9\u00bb ) y\u00a0<strong>10 en fase de testimoniales<\/strong>\u00a0(\u00abLa Huerta\u00bb, \u00abQuinto Cuerpo Del Ej\u00e9rcito &#8211; Ayala\u00bb, \u00abSuperintendencia III\u00bb, \u00abJefatura III\u00bb, \u00ab1y 60-Comisar\u00eda 8va.\u00bb, \u00abEsma V-Guarrochena\u00bb, \u00abDepartamento de Informaciones D-2\u00bb, \u00abEsma VI-Ferrari (residual)\u00bb, \u00abEscuelita VIII-funcionarios judiciales\u00bb y \u00abAcindar-Villazo\u00bb).<\/p>\n<p>En tanto, para la primera parte del a\u00f1o se espera el inicio de dos juicios que iban a comenzar a fines de 2023 pero fueron postergados para 2024:\u00a0<strong>el juicio denominado \u00abMansi\u00f3n Ser\u00e9 VI\u00bb<\/strong>, que comenzar\u00e1 el 28 de mayo, y del llamado \u00abComisar\u00eda 5ta\u00bb, que a\u00fan no tiene fecha definida.<\/p>\n<p>Adem\u00e1s, est\u00e1 previsto que el 22 de febrero en la localidad bonaerense de Pergamino comience el juicio por la causa Saint Amant IV\u00bb, que llevar\u00e1 adelante el Tribunal Oral Federal 2 de Rosario; ser\u00eda el \u00faltimo de la megacausa que lleva el nombre del excoronel Manuel Saint Amant, quien estaba a cargo del \u00e1rea militar 132 y que tiene un total de 73 v\u00edctimas de distintas localidades del sur santafesino y el norte bonaerense.<\/p>\n<h4 class=\"selectionShareable\"><strong>S\u00edntesis de los 14 juicios<\/strong><\/h4>\n<p class=\"selectionShareable\">1-En la ciudad de La Plata, desde el 27 de octubre de 2020, se desarrolla del <strong>juicio \u00abBrigadas\u00bb\u00a0<\/strong>por cr\u00edmenes cometidos en cuatro centros clandestinos de detenci\u00f3n que funcionaron en las sedes de brigadas policiales de investigaciones de Banfield, Quilmes (ambos lugares conocidos como \u00abpozos\u00bb en la jerga represiva), Lan\u00fas (\u00abEl infierno\u00bb) y San Justo, y en el que son juzgados 12 represores por las torturas, homicidios y ocultamiento de menores.<\/p>\n<p>2-Desde el 17 de febrero de 2022, en la ciudad bonaerense de Bah\u00eda Blanca se desarrolla el octavo juicio que se realiza en esta ciudad, esta vez por<strong>\u00a0la causa \u00abQuinto Cuerpo Del Ej\u00e9rcito &#8211; Ayala\u00bb<\/strong>, en el que son juzgados 38 imputados por delitos de privaci\u00f3n ilegal de la libertad, tormentos, homicidios y delitos contra la integridad sexual en perjuicio de 334 v\u00edctimas, hechos perpetrados en la jurisdicci\u00f3n del V Cuerpo de Ej\u00e9rcito.<\/p>\n<p>3-El 25 de febrero de 2022, en Mar del Plata comenz\u00f3 el juicio por\u00a0<strong>la causa \u00abLa Huerta\u00bb<\/strong>, por delitos cometidos contra 178 personas en siete centros clandestinos de detenci\u00f3n ubicados en Azul, Olavarr\u00eda y Tandil, los penales 7 de Azul y 2 de Sierra Chica, y que cuenta con 38 acusados, entre ellos dos civiles.<\/p>\n<p>4-El 7 de noviembre de 2022 comenz\u00f3 el<strong>\u00a0juicio al represor Adolfo Donda Tigel<\/strong>, por el robo y el ocultamiento de identidad de su propia sobrina, la extitular del INADI Victoria Donda P\u00e9rez, nacida y sustra\u00edda durante el cautiverio de su padre, Jos\u00e9 Laureano Donda, y de su madre, Mar\u00eda Hilda P\u00e9rez, ambos desaparecidos.<\/p>\n<p>5-En 2023, el 10 de febrero, se inici\u00f3 ante los Tribunales federales de San Mart\u00edn el juicio correspondiente al tercer tramo de\u00a0<strong>la causa \u00abSuperintendencia de Seguridad Federal\u00bb<\/strong>, el organismo de la Polic\u00eda Federal Argentina que funcion\u00f3 en el edificio de la Coordinaci\u00f3n Federal, en la calle Moreno y San Jos\u00e9 del centro porte\u00f1o, que tambi\u00e9n sirvi\u00f3 de centro clandestino de detenci\u00f3n.<\/p>\n<p>6-El 3 de abril de 2023 comenz\u00f3<strong>\u00a0el juicio \u00abPuente 12-Cuatrerismo-Tramo IV\u00bb<\/strong>, en el que son juzgados cuatro exmiembros de la Divisi\u00f3n Cuatrerismo de la Polic\u00eda Bonaerense y dos exoficiales del Batall\u00f3n de Inteligencia 601 del Ej\u00e9rcito por delitos cometidos en perjuicio de 185 personas.<\/p>\n<p>7-En Tucum\u00e1n, el 15 de mayo de 2023, comenz\u00f3 el juicio por<strong>\u00a0la causa \u00abJefatura III\u00bb<\/strong>, en el que est\u00e1n imputados 27 polic\u00edas y militares que son juzgados por su responsabilidad en cr\u00edmenes perpetrados entre 1975 y 1983, en perjuicio de 237 v\u00edctimas que estuvieron privadas de su libertad en el centro clandestino de detenci\u00f3n que funcionaba en la Jefatura de Polic\u00eda de Tucum\u00e1n y en instalaciones del Ingenio Nueva Baviera.<\/p>\n<p>8-El 18 de mayo de 2023, ante los tribunales federales de La Plata, comenz\u00f3 el juicio que acumula<strong>\u00a0las causas \u00ab1 y 60\u00bb<\/strong>\u00a0y \u00abComisar\u00eda 8va\u00bb, en el que son juzgados 16 ex militares y polic\u00edas y dos civiles por los delitos contra 291 personas en esos dos centros clandestinos de detenci\u00f3n.<\/p>\n<p>9-El 28 de junio de 2023, se inici\u00f3\u00a0<strong>el proceso \u00abEsma V-Guarrochena\u00bb,<\/strong>\u00a0que juzga al exteniente de nav\u00edo del Servicio de Inteligencia Naval Jorge Luis Guarrochena por privaci\u00f3n ileg\u00edtima de la libertad agravada en 355 hechos e imposici\u00f3n de tormentos agravados en 399 hechos, homicidio agravado en 89 hechos, y sustracci\u00f3n, retenci\u00f3n u ocultaci\u00f3n de un menor de diez a\u00f1os de edad en 45 hechos.<\/p>\n<p>10-En Mendoza, el 4 de agosto de 2023 comenz\u00f3\u00a0<strong>el juicio \u00abDepartamento de Informaciones D-2\u00bb<\/strong>, que juzga a 28 exmiembros de la polic\u00eda provincial que integraron el D2 por delitos cometidos contra m\u00e1s de 300 personas entre 1974 y 1981, de las cuales 71 fueron asesinadas o desaparecidas.<\/p>\n<p>11-En la ciudad de Buenos Aires, el 2 de octubre inici\u00f3\u00a0<strong>el juicio al contraalmirante retirado Horacio Luis \u00abPantera\u00bb Ferrari<\/strong>, en el marco de la causa \u00abEsma IV-Ferrari (residual)\u00bb, quien est\u00e1 siendo juzgado como part\u00edcipe necesario de los delitos de imposici\u00f3n de tormentos, privaci\u00f3n ilegal de la libertad, tormentos seguidos de muerte y privaci\u00f3n ilegal de la libertad seguida de muerte que tuvieron como v\u00edctimas a 240 personas que estuvieron cautivas en el centro clandestino de detenci\u00f3n de la ESMA.<\/p>\n<p>12-El 20 de octubre del a\u00f1o pasado comenz\u00f3 en Neuqu\u00e9n<strong>\u00a0el juicio \u00abEscuelita VIII-funcionarios judiciales\u00bb<\/strong>, en el que por primera vez se juzga la complicidad judicial con la dictadura en la provincia, ya que tiene como acusados a Pedro Laurentino Duarte, quien se desempe\u00f1\u00f3 como juez a cargo del Juzgado Federal de Primera Instancia de Neuqu\u00e9n, y a V\u00edctor Marcelo Ortiz, procurador fiscal federal.<\/p>\n<p>13-El 9 de noviembre, en la ciudad de La Plata, comenzaba\u00a0<strong>el juicio del \u00abCaso Oru\u00e9\u00bb<\/strong>, por el homicidio de Horacio Wenceslao Oru\u00e9, la privaci\u00f3n ilegal de la libertad seguida de tormentos de Marcelina Juani, Marcelo Adolfo Juani, Ariel Bernardo Juani y Ra\u00fal Ernesto Aguirre, y el robo de las pertenencias de la familia Juani, hechos ocurridos a fines de abril de 1978 y por los que son juzgados los expolic\u00edas de la comisar\u00eda de Berazategui H\u00e9ctor Omar Amado y Juan Humberto Keller, y el exministro de Gobierno bonaerense Jaime Smart.<\/p>\n<p>14-Finalmente, el 13 de noviembre, en la ciudad santafesina de Villa Constituci\u00f3n comenz\u00f3\u00a0<strong>el juicio por la causa \u00abAcindar-Villazo\u00bb<\/strong>, que investiga cr\u00edmenes cometidos contra trabajadores de la empresa Acindar y ciudadanos de Villa Constituci\u00f3n que se movilizaron en 1975, y que tiene 22 imputados, entre ellos dos civiles que eran jefes de personal de la empresa metal\u00fargica.<\/p>\n","protected":false},"excerpt":{"rendered":"<p>El calendario judicial, que comenzar\u00e1 en febrero de 2024, retomar\u00e1 las audiencias de\u00a014 juicios por delitos de lesa humanidad\u00a0cometidos durante<\/p>\n","protected":false},"author":1,"featured_media":100942,"comment_status":"closed","ping_status":"closed","sticky":false,"template":"","format":"standard","meta":{"kia_subtitle":"Cuatro se encuentran en etapa de alegatos y 10 en fase de testimoniales. Para la primera parte del a\u00f1o se espera el inicio de dos juicios postergados para 2024: el juicio denominado \"Mansi\u00f3n Ser\u00e9 VI\" (28 de mayo) y del llamado \"Comisar\u00eda 5ta\", que a\u00fan no tiene fecha definida.","footnotes":"","jetpack_publicize_message":"","jetpack_publicize_feature_enabled":true,"jetpack_social_post_already_shared":true,"jetpack_social_options":{"image_generator_settings":{"template":"highway","default_image_id":0,"font":"","enabled":false},"version":2}},"categories":[8],"tags":[],"class_list":["post-100950","post","type-post","status-publish","format-standard","has-post-thumbnail","hentry","category-policiales"],"jetpack_publicize_connections":[],"jetpack_featured_media_url":"https:\/\/laurbedigital.com.ar\/noticias\/wp-content\/uploads\/2024\/01\/20240115-juicios.jpg","_links":{"self":[{"href":"https:\/\/laurbedigital.com.ar\/noticias\/wp-json\/wp\/v2\/posts\/100950","targetHints":{"allow":["GET"]}}],"collection":[{"href":"https:\/\/laurbedigital.com.ar\/noticias\/wp-json\/wp\/v2\/posts"}],"about":[{"href":"https:\/\/laurbedigital.com.ar\/noticias\/wp-json\/wp\/v2\/types\/post"}],"author":[{"embeddable":true,"href":"https:\/\/laurbedigital.com.ar\/noticias\/wp-json\/wp\/v2\/users\/1"}],"replies":[{"embeddable":true,"href":"https:\/\/laurbedigital.com.ar\/noticias\/wp-json\/wp\/v2\/comments?post=100950"}],"version-history":[{"count":3,"href":"https:\/\/laurbedigital.com.ar\/noticias\/wp-json\/wp\/v2\/posts\/100950\/revisions"}],"predecessor-version":[{"id":100953,"href":"https:\/\/laurbedigital.com.ar\/noticias\/wp-json\/wp\/v2\/posts\/100950\/revisions\/100953"}],"wp:featuredmedia":[{"embeddable":true,"href":"https:\/\/laurbedigital.com.ar\/noticias\/wp-json\/wp\/v2\/media\/100942"}],"wp:attachment":[{"href":"https:\/\/laurbedigital.com.ar\/noticias\/wp-json\/wp\/v2\/media?parent=100950"}],"wp:term":[{"taxonomy":"category","embeddable":true,"href":"https:\/\/laurbedigital.com.ar\/noticias\/wp-json\/wp\/v2\/categories?post=100950"},{"taxonomy":"post_tag","embeddable":true,"href":"https:\/\/laurbedigital.com.ar\/noticias\/wp-json\/wp\/v2\/tags?post=100950"}],"curies":[{"name":"wp","href":"https:\/\/api.w.org\/{rel}","templated":true}]}}