{"id":100870,"date":"2024-01-12T22:15:12","date_gmt":"2024-01-13T01:15:12","guid":{"rendered":"https:\/\/laurbedigital.com.ar\/noticias\/?p=100870"},"modified":"2024-01-12T21:17:59","modified_gmt":"2024-01-13T00:17:59","slug":"la-defensoria-del-pueblo-registro-322-femicidios-en-2023","status":"publish","type":"post","link":"https:\/\/laurbedigital.com.ar\/noticias\/2024\/01\/12\/la-defensoria-del-pueblo-registro-322-femicidios-en-2023\/","title":{"rendered":"La Defensor\u00eda del Pueblo registr\u00f3 322 femicidios en 2023"},"content":{"rendered":"<h5>De acuerdo al informe del Observatorio de Femicidios de dicho organismo, entre el 1 de enero y el 31 de diciembre del a\u00f1o pasado hubo 6 transfemicidio y 28 muertes violentas de mujeres en contexto de narcotr\u00e1fico y crimen organizado.<\/h5>\n<p>Un total de 322 femicidios, entre ellos 30 vinculados, fueron cometidos durante 2023 en distintos puntos del pa\u00eds, lo que implic\u00f3 un aumento de 80 casos en comparaci\u00f3n con 2022, seg\u00fan inform\u00f3 este viernes la Defensor\u00eda del Pueblo.<\/p>\n<p>De acuerdo a los datos del Observatorio de Femicidios de dicho organismo, entre el 1 de enero y el 31 de diciembre del a\u00f1o pasado hubo 6 transfemicidio y 28 muertes violentas de mujeres en contexto de narcotr\u00e1fico y crimen organizado.<\/p>\n<p>Seg\u00fan el informe, se cometi\u00f3 \u00abun femicidio cada 27 horas\u00bb, ante lo cual \u00abel aumento en las cifras de asesinatos de mujeres por razones de g\u00e9nero es alarmante, superando incluso las cifras de 2020, a\u00f1o marcado por la pandemia\u00bb, en el que se registraron 295.<\/p>\n<p>A su vez, las cifras de 2023 superaron las de 2022, cuando hubo un total de 242.<\/p>\n<p>Los datos de la Defensor\u00eda indicaron que el casi\u00a0<strong>el 60% de las v\u00edctimas fueron asesinadas en su domicilio, en su trabajo o en la vivienda que compart\u00edan con el femicida<\/strong>; y en un 74% se comprob\u00f3 la existencia de una relaci\u00f3n preexistente entre la v\u00edctima y el victimario.<\/p>\n<p>Y en cuanto al\u00a0<strong>rango etario<\/strong>, la franja con incidencia fue de 31 a 50 a\u00f1os, con 125 casos.<\/p>\n<p>Adem\u00e1s, se registraron\u00a0<strong>191 ni\u00f1as y ni\u00f1os que se quedaron sin sus madres<\/strong>\u00a0porque fueron asesinadas, y algunas de estas v\u00edctimas colaterales fueron testigos presenciales de los hechos.<\/p>\n<p>A su vez, el 19% de las v\u00edctimas realiz\u00f3 al menos una denuncia por violencia de g\u00e9nero previamente al femicidio y, si bien en un 44% no se realiz\u00f3 denuncia, algunos familiares de reportaron que exist\u00eda violencia de g\u00e9nero desde antes del crimen.<\/p>\n<p>En cuanto al\u00a0<strong>uso de armas<\/strong>\u00a0por parte de los femicidas, la m\u00e1s empleada fue la de fuego, al tiempo que\u00a0<strong>22 mujeres fueron violadas antes de ser asesinadas.<\/strong><\/p>\n<p>Respecto a los autores de los casos, 55 de ellos se suicidaron, 17 lo intentaron y tambi\u00e9n 17 femicidas pertenec\u00edan o hab\u00edan pertenecido a una fuerza de seguridad.<\/p>\n<p>Mientras que, en lo referido a la\u00a0<strong>distribuci\u00f3n geogr\u00e1fica\u00a0<\/strong>de los hechos analizados, las provincias donde mayor cantidad de femicidios fueron Buenos Aires (133), Santa Fe (40), Chaco (22), C\u00f3rdoba (22), Salta (16) y Tucum\u00e1n (16).<\/p>\n<p>Sin embargo, al calcular la tasa en funci\u00f3n de la poblaci\u00f3n femenina en cada distrito, C\u00f3rdoba (con 587.636 habitantes de ese sexo) encabez\u00f3 la lista; seguida por Corrientes, Santa Fe, Salta y Neuqu\u00e9n.<\/p>\n<p>En tanto que\u00a0<strong>los meses con m\u00e1s casos fueron agosto (32), diciembre (31), mayo (31) y abril (30).<\/strong><\/p>\n<p>Por otro lado, la semana pasada se conocieron las estad\u00edsticas de tres organizaciones sociales contra la violencia de g\u00e9nero que revelaron que se cometieron entre 254 y 339 casos de femicidios, directos, vinculados y trasvesticidios durante el a\u00f1o pasado.<\/p>\n<p>Estos datos fueron difundidos por el Observatorio Nacional MuMal\u00e1, la agrupaci\u00f3n de familiares de v\u00edctimas \u00abAtravesados por el Femicidio\u00bb, mediante el Observatorio \u00abAhora que si nos ven\u00bb; y el Observatorio Luc\u00eda P\u00e9rez.<\/p>\n<div class=\"tags mt-4\"><\/div>\n","protected":false},"excerpt":{"rendered":"<p>De acuerdo al informe del Observatorio de Femicidios de dicho organismo, entre el 1 de enero y el 31 de<\/p>\n","protected":false},"author":1,"featured_media":100865,"comment_status":"closed","ping_status":"closed","sticky":false,"template":"","format":"standard","meta":{"kia_subtitle":"","footnotes":"","jetpack_publicize_message":"","jetpack_publicize_feature_enabled":true,"jetpack_social_post_already_shared":true,"jetpack_social_options":{"image_generator_settings":{"template":"highway","default_image_id":0,"font":"","enabled":false},"version":2}},"categories":[8],"tags":[],"class_list":["post-100870","post","type-post","status-publish","format-standard","has-post-thumbnail","hentry","category-policiales"],"jetpack_publicize_connections":[],"jetpack_featured_media_url":"https:\/\/laurbedigital.com.ar\/noticias\/wp-content\/uploads\/2024\/01\/20240112-femicidios.jpg","_links":{"self":[{"href":"https:\/\/laurbedigital.com.ar\/noticias\/wp-json\/wp\/v2\/posts\/100870","targetHints":{"allow":["GET"]}}],"collection":[{"href":"https:\/\/laurbedigital.com.ar\/noticias\/wp-json\/wp\/v2\/posts"}],"about":[{"href":"https:\/\/laurbedigital.com.ar\/noticias\/wp-json\/wp\/v2\/types\/post"}],"author":[{"embeddable":true,"href":"https:\/\/laurbedigital.com.ar\/noticias\/wp-json\/wp\/v2\/users\/1"}],"replies":[{"embeddable":true,"href":"https:\/\/laurbedigital.com.ar\/noticias\/wp-json\/wp\/v2\/comments?post=100870"}],"version-history":[{"count":3,"href":"https:\/\/laurbedigital.com.ar\/noticias\/wp-json\/wp\/v2\/posts\/100870\/revisions"}],"predecessor-version":[{"id":100873,"href":"https:\/\/laurbedigital.com.ar\/noticias\/wp-json\/wp\/v2\/posts\/100870\/revisions\/100873"}],"wp:featuredmedia":[{"embeddable":true,"href":"https:\/\/laurbedigital.com.ar\/noticias\/wp-json\/wp\/v2\/media\/100865"}],"wp:attachment":[{"href":"https:\/\/laurbedigital.com.ar\/noticias\/wp-json\/wp\/v2\/media?parent=100870"}],"wp:term":[{"taxonomy":"category","embeddable":true,"href":"https:\/\/laurbedigital.com.ar\/noticias\/wp-json\/wp\/v2\/categories?post=100870"},{"taxonomy":"post_tag","embeddable":true,"href":"https:\/\/laurbedigital.com.ar\/noticias\/wp-json\/wp\/v2\/tags?post=100870"}],"curies":[{"name":"wp","href":"https:\/\/api.w.org\/{rel}","templated":true}]}}