{"id":10066,"date":"2017-12-01T01:25:20","date_gmt":"2017-12-01T04:25:20","guid":{"rendered":"http:\/\/laurbedigital.com.ar\/noticias\/?p=10066"},"modified":"2017-12-01T01:25:20","modified_gmt":"2017-12-01T04:25:20","slug":"papa-francisco-se-reunira-los-mapuches","status":"publish","type":"post","link":"https:\/\/laurbedigital.com.ar\/noticias\/2017\/12\/01\/papa-francisco-se-reunira-los-mapuches\/","title":{"rendered":"El Papa Francisco se reunir\u00e1 con los mapuches"},"content":{"rendered":"<p>El Papa Francisco se reunir\u00e1 con los mapuches en Chile, en medio de la tensi\u00f3n del Gobierno argentino con esa comunidad y las muertes de Santiago Maldonado y Rafael Nahuel. As\u00ed lo anunci\u00f3 el Director Ejecutivo de la Comisi\u00f3n Nacional Visita Papa Francisco a Chile, Javier Peralta.<\/p>\n<p><!--more--><\/p>\n<p>\u00abEl Papa buscar\u00e1 acercar posiciones en el conflicto de los ind\u00edgenas mapuches por la reivindicaci\u00f3n de tierras y el Estado chileno\u201d, expres\u00f3 Peralta.<\/p>\n<p>Sucede en medio de la avanzada del gobierno de Mauricio Macri contra la comunidad mapuche de la Patagonia, que en los \u00faltimos tres meses provoc\u00f3 dos muertos.<\/p>\n<p>Seg\u00fan las autoridades de la Iglesia cat\u00f3lica de ese pa\u00eds encargadas de la agenda del pont\u00edfice, su visita est\u00e1 prevista entre el 16 y 18 de enero de 2018.<\/p>\n<p>El acercamiento entre las comunidades y el Estado chileno tiene fecha exacta: 17 de enero. Ese d\u00eda, Francisco oficiar\u00e1 una misa \u201cpor el progreso de los pueblos\u00bb en el aer\u00f3dromo de Maquehue, en las afueras de Temuco. En esa ciudad tiene lugar uno de los continuos puntos de conflicto por la reivindicaci\u00f3n de territorios de parte del pueblo mapuche, por derecho ancestral, seg\u00fan confirm\u00f3 el diario P\u00e1gina 12.<\/p>\n<p>&nbsp;<\/p>\n","protected":false},"excerpt":{"rendered":"<p>El Papa Francisco se reunir\u00e1 con los mapuches en Chile, en medio de la tensi\u00f3n del Gobierno argentino con esa<\/p>\n","protected":false},"author":1,"featured_media":10068,"comment_status":"closed","ping_status":"closed","sticky":false,"template":"","format":"standard","meta":{"kia_subtitle":"","footnotes":"","jetpack_publicize_message":"","jetpack_publicize_feature_enabled":true,"jetpack_social_post_already_shared":true,"jetpack_social_options":{"image_generator_settings":{"template":"highway","default_image_id":0,"font":"","enabled":false},"version":2}},"categories":[3,61],"tags":[],"class_list":["post-10066","post","type-post","status-publish","format-standard","has-post-thumbnail","hentry","category-actualidad","category-ddhh"],"jetpack_publicize_connections":[],"jetpack_featured_media_url":"https:\/\/laurbedigital.com.ar\/noticias\/wp-content\/uploads\/2017\/12\/20171130-nac1.jpg","_links":{"self":[{"href":"https:\/\/laurbedigital.com.ar\/noticias\/wp-json\/wp\/v2\/posts\/10066","targetHints":{"allow":["GET"]}}],"collection":[{"href":"https:\/\/laurbedigital.com.ar\/noticias\/wp-json\/wp\/v2\/posts"}],"about":[{"href":"https:\/\/laurbedigital.com.ar\/noticias\/wp-json\/wp\/v2\/types\/post"}],"author":[{"embeddable":true,"href":"https:\/\/laurbedigital.com.ar\/noticias\/wp-json\/wp\/v2\/users\/1"}],"replies":[{"embeddable":true,"href":"https:\/\/laurbedigital.com.ar\/noticias\/wp-json\/wp\/v2\/comments?post=10066"}],"version-history":[{"count":2,"href":"https:\/\/laurbedigital.com.ar\/noticias\/wp-json\/wp\/v2\/posts\/10066\/revisions"}],"predecessor-version":[{"id":10069,"href":"https:\/\/laurbedigital.com.ar\/noticias\/wp-json\/wp\/v2\/posts\/10066\/revisions\/10069"}],"wp:featuredmedia":[{"embeddable":true,"href":"https:\/\/laurbedigital.com.ar\/noticias\/wp-json\/wp\/v2\/media\/10068"}],"wp:attachment":[{"href":"https:\/\/laurbedigital.com.ar\/noticias\/wp-json\/wp\/v2\/media?parent=10066"}],"wp:term":[{"taxonomy":"category","embeddable":true,"href":"https:\/\/laurbedigital.com.ar\/noticias\/wp-json\/wp\/v2\/categories?post=10066"},{"taxonomy":"post_tag","embeddable":true,"href":"https:\/\/laurbedigital.com.ar\/noticias\/wp-json\/wp\/v2\/tags?post=10066"}],"curies":[{"name":"wp","href":"https:\/\/api.w.org\/{rel}","templated":true}]}}