{"id":100536,"date":"2024-01-06T14:02:06","date_gmt":"2024-01-06T17:02:06","guid":{"rendered":"https:\/\/laurbedigital.com.ar\/noticias\/?p=100536"},"modified":"2024-01-06T14:06:03","modified_gmt":"2024-01-06T17:06:03","slug":"los-reyes-magos-llenaron-de-magia-las-calles-de-alte-brown-recibieron-cartitas-y-repartieron-regalos","status":"publish","type":"post","link":"https:\/\/laurbedigital.com.ar\/noticias\/2024\/01\/06\/los-reyes-magos-llenaron-de-magia-las-calles-de-alte-brown-recibieron-cartitas-y-repartieron-regalos\/","title":{"rendered":"Los Reyes Magos llenaron de magia las calles de Alte Brown, recibieron cartitas y repartieron regalos"},"content":{"rendered":"<p>&nbsp;<\/p>\n<h6><strong>Miles de ni\u00f1os y ni\u00f1as de Almirante Brown disfrutaron de la caravana m\u00e1gica de los Reyes Magos Melchor, Gaspar y Baltazar por las calles de Burzaco, donde recibieron cartitas y tambi\u00e9n entregaron golosinas y regalos a los m\u00e1s peque\u00f1os.<\/strong><\/h6>\n<p>Esta hermosa actividad, que se lleva adelante cada a\u00f1o, comenz\u00f3 este viernes en horas de la tarde en la Delegaci\u00f3n de Burzaco y se extendi\u00f3 hasta llegar la noche con una importante caravana por las calles de esta querida localidad pasando por la plaza Marta Mastr\u00e1ngelo y finalizando en la Plaza Manuel Belgrano.<\/p>\n<p>Durante la caravana, que incluy\u00f3 una recorrida por las arterias Espa\u00f1a, Hip\u00f3lito Yrigoyen, Asamblea, Diomede, Bradley, Arenales y Alsina, el veh\u00edculo real que traslad\u00f3 a los Reyes hizo varias paradas para que los m\u00e1s chicos, emocionados, se saquen fotos y tengan un recuerdo inolvidable.<\/p>\n<p><img loading=\"lazy\" decoding=\"async\" class=\"alignnone size-full wp-image-100539\" src=\"https:\/\/laurbedigital.com.ar\/noticias\/wp-content\/uploads\/2024\/01\/reyes-1.jpg\" alt=\"\" width=\"2016\" height=\"1512\" title=\"\" srcset=\"https:\/\/laurbedigital.com.ar\/noticias\/wp-content\/uploads\/2024\/01\/reyes-1.jpg 2016w, https:\/\/laurbedigital.com.ar\/noticias\/wp-content\/uploads\/2024\/01\/reyes-1-300x225.jpg 300w, https:\/\/laurbedigital.com.ar\/noticias\/wp-content\/uploads\/2024\/01\/reyes-1-1024x768.jpg 1024w, https:\/\/laurbedigital.com.ar\/noticias\/wp-content\/uploads\/2024\/01\/reyes-1-768x576.jpg 768w, https:\/\/laurbedigital.com.ar\/noticias\/wp-content\/uploads\/2024\/01\/reyes-1-1536x1152.jpg 1536w\" sizes=\"auto, (max-width: 2016px) 100vw, 2016px\" \/><\/p>\n<p>Cabe destacar que esta actividad se realiza cada a\u00f1o y que incluso en otras oportunidades incluy\u00f3 la presencia de los Reyes en los hospitales provinciales Arturo O\u00f1ativia y Lucio Mel\u00e9ndez para llevarles alegr\u00eda a los ni\u00f1os y ni\u00f1as internados y compartirles fuerzas para su recuperaci\u00f3n.<\/p>\n<h6>\u201cEstamos muy felices porque como cada a\u00f1o los Reyes Magos estuvieron presentes en las calles de Almirante Brown, compartiendo alegr\u00edas y sac\u00e1ndole una sonrisa a los m\u00e1s chicos. Adem\u00e1s, seguimos invitando a nuestros vecinos y vecinas a que visiten la Feria Mi Pyme, un espacio ideal para adquirir presentes para toda la familia\u201d, remarc\u00f3 el intendente Mariano Cascallares.<\/h6>\n<p>La edici\u00f3n especial de la Feria Mi Pyme que comenz\u00f3 ayer se extender\u00e1 durante toda la jornada de hoy para que los vecinos y vecinas del distrito puedan encontrar una gran variedad de elementos para regalar.<\/p>\n<p><img loading=\"lazy\" decoding=\"async\" class=\"alignnone size-full wp-image-100540\" src=\"https:\/\/laurbedigital.com.ar\/noticias\/wp-content\/uploads\/2024\/01\/reyes7.jpg\" alt=\"\" width=\"2016\" height=\"1512\" title=\"\" srcset=\"https:\/\/laurbedigital.com.ar\/noticias\/wp-content\/uploads\/2024\/01\/reyes7.jpg 2016w, https:\/\/laurbedigital.com.ar\/noticias\/wp-content\/uploads\/2024\/01\/reyes7-300x225.jpg 300w, https:\/\/laurbedigital.com.ar\/noticias\/wp-content\/uploads\/2024\/01\/reyes7-1024x768.jpg 1024w, https:\/\/laurbedigital.com.ar\/noticias\/wp-content\/uploads\/2024\/01\/reyes7-768x576.jpg 768w, https:\/\/laurbedigital.com.ar\/noticias\/wp-content\/uploads\/2024\/01\/reyes7-1536x1152.jpg 1536w\" sizes=\"auto, (max-width: 2016px) 100vw, 2016px\" \/><\/p>\n<p>Organizada por la Secretar\u00eda de Producci\u00f3n, Empleo y Formaci\u00f3n Profesional, la muestra de productos tiene lugar en la Plaza General Manuel Belgrano, ubicada en Quintana y 25 de Mayo, de 16 a 21 horas.<\/p>\n<p>En este sentido, quienes la visiten podr\u00e1n adquirir juguetes, art\u00edculos en impresi\u00f3n 3D, indumentaria de dise\u00f1o, accesorios, elementos sustentables, peluches, dijes de resina, mates y bombillas artesanales; plantas, plantines y suculentas; anim\u00e9, elementos de cer\u00e1mica, pulseras y agendas, entre muchos m\u00e1s productos.<\/p>\n<p>&nbsp;<\/p>\n<p>&nbsp;<\/p>\n","protected":false},"excerpt":{"rendered":"<p>&nbsp; Miles de ni\u00f1os y ni\u00f1as de Almirante Brown disfrutaron de la caravana m\u00e1gica de los Reyes Magos Melchor, Gaspar<\/p>\n","protected":false},"author":1,"featured_media":100538,"comment_status":"closed","ping_status":"closed","sticky":false,"template":"","format":"standard","meta":{"kia_subtitle":"","footnotes":"","jetpack_publicize_message":"","jetpack_publicize_feature_enabled":true,"jetpack_social_post_already_shared":true,"jetpack_social_options":{"image_generator_settings":{"template":"highway","default_image_id":0,"font":"","enabled":false},"version":2}},"categories":[2,33],"tags":[],"class_list":["post-100536","post","type-post","status-publish","format-standard","has-post-thumbnail","hentry","category-alte-brown","category-alte-brown-alte-brown"],"jetpack_publicize_connections":[],"jetpack_featured_media_url":"https:\/\/laurbedigital.com.ar\/noticias\/wp-content\/uploads\/2024\/01\/20240106-Brown-Reyes-Magos.jpg","_links":{"self":[{"href":"https:\/\/laurbedigital.com.ar\/noticias\/wp-json\/wp\/v2\/posts\/100536","targetHints":{"allow":["GET"]}}],"collection":[{"href":"https:\/\/laurbedigital.com.ar\/noticias\/wp-json\/wp\/v2\/posts"}],"about":[{"href":"https:\/\/laurbedigital.com.ar\/noticias\/wp-json\/wp\/v2\/types\/post"}],"author":[{"embeddable":true,"href":"https:\/\/laurbedigital.com.ar\/noticias\/wp-json\/wp\/v2\/users\/1"}],"replies":[{"embeddable":true,"href":"https:\/\/laurbedigital.com.ar\/noticias\/wp-json\/wp\/v2\/comments?post=100536"}],"version-history":[{"count":3,"href":"https:\/\/laurbedigital.com.ar\/noticias\/wp-json\/wp\/v2\/posts\/100536\/revisions"}],"predecessor-version":[{"id":100541,"href":"https:\/\/laurbedigital.com.ar\/noticias\/wp-json\/wp\/v2\/posts\/100536\/revisions\/100541"}],"wp:featuredmedia":[{"embeddable":true,"href":"https:\/\/laurbedigital.com.ar\/noticias\/wp-json\/wp\/v2\/media\/100538"}],"wp:attachment":[{"href":"https:\/\/laurbedigital.com.ar\/noticias\/wp-json\/wp\/v2\/media?parent=100536"}],"wp:term":[{"taxonomy":"category","embeddable":true,"href":"https:\/\/laurbedigital.com.ar\/noticias\/wp-json\/wp\/v2\/categories?post=100536"},{"taxonomy":"post_tag","embeddable":true,"href":"https:\/\/laurbedigital.com.ar\/noticias\/wp-json\/wp\/v2\/tags?post=100536"}],"curies":[{"name":"wp","href":"https:\/\/api.w.org\/{rel}","templated":true}]}}