{"id":100532,"date":"2024-01-06T03:16:00","date_gmt":"2024-01-06T06:16:00","guid":{"rendered":"https:\/\/laurbedigital.com.ar\/noticias\/?p=100532"},"modified":"2024-01-06T03:16:00","modified_gmt":"2024-01-06T06:16:00","slug":"netflix-todo-lo-que-tenes-que-saber-sobre-la-sociedad-de-la-nieve","status":"publish","type":"post","link":"https:\/\/laurbedigital.com.ar\/noticias\/2024\/01\/06\/netflix-todo-lo-que-tenes-que-saber-sobre-la-sociedad-de-la-nieve\/","title":{"rendered":"Netflix: todo lo que ten\u00e9s que saber sobre \u00abLa sociedad de la nieve\u00bb"},"content":{"rendered":"<p>&nbsp;<\/p>\n<h6 class=\"news-headline__article-summary\"><strong>\u00abLa sociedad de la nieve\u00bb, la nueva pel\u00edcula de J.A. Bayona, est\u00e1 basada en la historia real del vuelo 571 de la Fuerza A\u00e9rea Uruguaya, que se estrell\u00f3 en los Andes en 1972.<\/strong><\/h6>\n<p>Ya se puede ver en\u00a0<strong>Netflix<\/strong>\u00a0la pel\u00edcula \u00ab<strong>La sociedad de la nieve<\/strong>\u00bb est\u00e1 basada en la historia real del vuelo 571 de la Fuerza A\u00e9rea Uruguaya, que se estrell\u00f3 en la cordillera de los Andes en 1972. Los 29 sobrevivientes del accidente tuvieron que sobrevivir durante 72 d\u00edas en condiciones extremas, comiendo carne de los muertos para mantenerse con vida.<\/p>\n<div id=\"standard_1\" class=\"st-placement standard_1 inArticle\">\n<h4><strong>\u00bfQui\u00e9nes son los protagonistas de \u201cLa sociedad de la nieve\u201d?<\/strong><\/h4>\n<p>El protagonista de la pel\u00edcula es Numa Turcatti, uno de los sobrevivientes del accidente. La pel\u00edcula tambi\u00e9n cuenta con las actuaciones de Enzo Vogrincic, Agust\u00edn Pardella, Mat\u00edas Mayer, Luciano Cazaux y Rafael Federman.<\/p>\n<h4><strong>\u00bfQui\u00e9n dirigi\u00f3 la pel\u00edcula de \u201cLa sociedad de la nieve\u201d?<\/strong><\/h4>\n<p>La pel\u00edcula fue dirigida por J.A. Bayona, conocido por pel\u00edculas como \u00abEl orfanato\u00bb, \u00abLo imposible\u00bb y \u00abJurassic World: Fallen Kingdom\u00bb.<\/p>\n<h4><strong>\u00bfD\u00f3nde se rod\u00f3 la pel\u00edcula \u201cLa sociedad de la nieve\u201d?<\/strong><\/h4>\n<p>La pel\u00edcula se rod\u00f3 en Espa\u00f1a y Argentina. Las escenas del accidente y de la supervivencia en los Andes se rodaron en Espa\u00f1a, en un plat\u00f3 construido especialmente para la pel\u00edcula. Las escenas de la b\u00fasqueda y rescate se rodaron en Argentina, en la cordillera de los Andes.<\/p>\n<h4><strong>\u00bfQu\u00e9 diferencias hay entre la pel\u00edcula y la historia real?<\/strong><\/h4>\n<p>La pel\u00edcula es una adaptaci\u00f3n de la historia real, pero hay algunas diferencias. Por ejemplo, la pel\u00edcula se centra en la historia de Numa Turcatti, un sobreviviente que no es tan conocido como otros como Roberto Canessa o Fernando Parrado. Adem\u00e1s, la pel\u00edcula incluye algunas escenas que no ocurrieron en la vida real, como la escena en la que un puma ataca a los sobrevivientes.<\/p>\n<p><iframe loading=\"lazy\" title=\"La sociedad de la nieve | Tr\u00e1iler oficial | Netflix\" src=\"https:\/\/www.youtube.com\/embed\/l9tP4M8URhQ\" width=\"790\" height=\"444\" frameborder=\"0\" allowfullscreen=\"allowfullscreen\"><\/iframe><\/p>\n<p>&nbsp;<\/p>\n<\/div>\n","protected":false},"excerpt":{"rendered":"<p>&nbsp; \u00abLa sociedad de la nieve\u00bb, la nueva pel\u00edcula de J.A. Bayona, est\u00e1 basada en la historia real del vuelo<\/p>\n","protected":false},"author":1,"featured_media":100533,"comment_status":"closed","ping_status":"closed","sticky":false,"template":"","format":"standard","meta":{"kia_subtitle":"","footnotes":"","jetpack_publicize_message":"","jetpack_publicize_feature_enabled":true,"jetpack_social_post_already_shared":true,"jetpack_social_options":{"image_generator_settings":{"template":"highway","default_image_id":0,"font":"","enabled":false},"version":2}},"categories":[2600,68],"tags":[],"class_list":["post-100532","post","type-post","status-publish","format-standard","has-post-thumbnail","hentry","category-espectaculo","category-cine-y-series"],"jetpack_publicize_connections":[],"jetpack_featured_media_url":"https:\/\/laurbedigital.com.ar\/noticias\/wp-content\/uploads\/2024\/01\/20240106-Viven.jpg","_links":{"self":[{"href":"https:\/\/laurbedigital.com.ar\/noticias\/wp-json\/wp\/v2\/posts\/100532","targetHints":{"allow":["GET"]}}],"collection":[{"href":"https:\/\/laurbedigital.com.ar\/noticias\/wp-json\/wp\/v2\/posts"}],"about":[{"href":"https:\/\/laurbedigital.com.ar\/noticias\/wp-json\/wp\/v2\/types\/post"}],"author":[{"embeddable":true,"href":"https:\/\/laurbedigital.com.ar\/noticias\/wp-json\/wp\/v2\/users\/1"}],"replies":[{"embeddable":true,"href":"https:\/\/laurbedigital.com.ar\/noticias\/wp-json\/wp\/v2\/comments?post=100532"}],"version-history":[{"count":2,"href":"https:\/\/laurbedigital.com.ar\/noticias\/wp-json\/wp\/v2\/posts\/100532\/revisions"}],"predecessor-version":[{"id":100535,"href":"https:\/\/laurbedigital.com.ar\/noticias\/wp-json\/wp\/v2\/posts\/100532\/revisions\/100535"}],"wp:featuredmedia":[{"embeddable":true,"href":"https:\/\/laurbedigital.com.ar\/noticias\/wp-json\/wp\/v2\/media\/100533"}],"wp:attachment":[{"href":"https:\/\/laurbedigital.com.ar\/noticias\/wp-json\/wp\/v2\/media?parent=100532"}],"wp:term":[{"taxonomy":"category","embeddable":true,"href":"https:\/\/laurbedigital.com.ar\/noticias\/wp-json\/wp\/v2\/categories?post=100532"},{"taxonomy":"post_tag","embeddable":true,"href":"https:\/\/laurbedigital.com.ar\/noticias\/wp-json\/wp\/v2\/tags?post=100532"}],"curies":[{"name":"wp","href":"https:\/\/api.w.org\/{rel}","templated":true}]}}